{"id":153,"date":"2013-02-23T13:39:52","date_gmt":"2013-02-23T11:39:52","guid":{"rendered":"http:\/\/br5bscb6.c4-suncomet.com\/wp\/?p=153"},"modified":"2013-05-06T15:27:00","modified_gmt":"2013-05-06T12:27:00","slug":"kevatkonsertti","status":"publish","type":"post","link":"https:\/\/www.kanervakuoro.fi\/?p=153","title":{"rendered":"Kev\u00e4tkonsertti"},"content":{"rendered":"<p><!--[if gte mso 9]><xml>\n<w:WordDocument>\n<w:View>Normal<\/w:View>\n<w:Zoom>0<\/w:Zoom>\n<w:HyphenationZone>21<\/w:HyphenationZone>\n<w:Compatibility>\n<w:BreakWrappedTables\/>\n<w:SnapToGridInCell\/>\n<w:WrapTextWithPunct\/>\n<w:UseAsianBreakRules\/>\n<\/w:Compatibility>\n<w:BrowserLevel>MicrosoftInternetExplorer4<\/w:BrowserLevel>\n<\/w:WordDocument>\n<\/xml><![endif]--><\/p>\n<div id=\"attachment_226\" style=\"width: 778px\" class=\"wp-caption alignleft\"><img aria-describedby=\"caption-attachment-226\" data-attachment-id=\"226\" data-permalink=\"https:\/\/www.kanervakuoro.fi\/?attachment_id=226\" data-orig-file=\"https:\/\/www.kanervakuoro.fi\/wp\/wp-content\/uploads\/MG_0021.jpg\" data-orig-size=\"1280,645\" data-comments-opened=\"1\" data-image-meta=\"{&quot;aperture&quot;:&quot;7.1&quot;,&quot;credit&quot;:&quot;Jussi Palojarvi&quot;,&quot;camera&quot;:&quot;Canon EOS 7D&quot;,&quot;caption&quot;:&quot;&quot;,&quot;created_timestamp&quot;:&quot;1365953000&quot;,&quot;copyright&quot;:&quot;\\u00a9Jussi Paloj\\u00e4rvi&quot;,&quot;focal_length&quot;:&quot;35&quot;,&quot;iso&quot;:&quot;400&quot;,&quot;shutter_speed&quot;:&quot;0.025&quot;,&quot;title&quot;:&quot;&quot;}\" data-image-title=\"Kev\u00e4tkonsertti 2013\" data-image-description=\"\" data-image-caption=\"&lt;p&gt;Kev\u00e4konsertti 2013&lt;\/p&gt;\n\" data-medium-file=\"https:\/\/www.kanervakuoro.fi\/wp\/wp-content\/uploads\/MG_0021-300x151.jpg\" data-large-file=\"https:\/\/www.kanervakuoro.fi\/wp\/wp-content\/uploads\/MG_0021-1024x516.jpg\" decoding=\"async\" loading=\"lazy\" class=\" wp-image-226 \" alt=\"Kev\u00e4konsertti 2013\" src=\"http:\/\/www.kanervakuoro.fi\/wp\/wp-content\/uploads\/MG_0021.jpg\" width=\"768\" height=\"387\" srcset=\"https:\/\/www.kanervakuoro.fi\/wp\/wp-content\/uploads\/MG_0021.jpg 1280w, https:\/\/www.kanervakuoro.fi\/wp\/wp-content\/uploads\/MG_0021-300x151.jpg 300w, https:\/\/www.kanervakuoro.fi\/wp\/wp-content\/uploads\/MG_0021-1024x516.jpg 1024w, https:\/\/www.kanervakuoro.fi\/wp\/wp-content\/uploads\/MG_0021-624x314.jpg 624w\" sizes=\"(max-width: 768px) 100vw, 768px\" \/><p id=\"caption-attachment-226\" class=\"wp-caption-text\">Kev\u00e4tkonsertti, Sampolan juhlasali 2013<\/p><\/div>\n<p>Kev\u00e4tkonsertti, \u00a0<em>Rakastaa, ei rakasta, rakastaa<\/em>, j\u00e4rjestettiin 14.4.\u00a0Sampolan juhlasalissa, johtajana <em>Saija Siuko<\/em> ja juontajana <em>Jari Niemel\u00e4. <\/em>Ohjelmisto noudatteli kuoron perinteit\u00e4 ja yleis\u00f6 viihtyi musiikista nauttien.<\/p>\n<p>Omat solistit <i style=\"mso-bidi-font-style: normal;\">Arto Jylh\u00e4<\/i> laulussa <em>Soittajan rakkaus<\/em> ja <i style=\"mso-bidi-font-style: normal;\">Heikki M\u00e4enp\u00e4\u00e4<\/i> laulussa <em>Krysanteemi<\/em> antoivat lis\u00e4vivahteen ohjelmistoon sooloillaan, kuin my\u00f6s kuoronjohtaja <i style=\"mso-bidi-font-style: normal;\">Saija Siuko<\/i> laulussa<em> Lintu<\/em>.<\/p>\n<p>S\u00e4estyksest\u00e4 vastasivat <i style=\"mso-bidi-font-style: normal;\">Karoliina Ahonen,<\/i> flyygeli sek\u00e4 <i style=\"mso-bidi-font-style: normal;\">Antti Huusari,<\/i> haitari. Tenori <i style=\"mso-bidi-font-style: normal;\">Toivo Rautama<\/i> tarttui v\u00e4lill\u00e4 kitaraan ja altto <i style=\"mso-bidi-font-style: normal;\">Maija Matt<\/i> puhalsi s\u00e4veli\u00e4 huilustaan laulun lis\u00e4ksi.<\/p>\n<p class=\"MsoNormal\">Juonnossaan <i style=\"mso-bidi-font-style: normal;\">Jari<\/i><b style=\"mso-bidi-font-weight: normal;\"> <\/b><i style=\"mso-bidi-font-style: normal;\">Niemel\u00e4<\/i> visioi jo kuoron tulevaa 70-vuotisjuhlaa vuonna 2015. Ennen sit\u00e4 hetke\u00e4 kuorolla on tiedossa viel\u00e4 lukuisia tapahtumia.<\/p>\n<p>Seuraavaksi:<\/p>\n<p class=\"MsoNormal\">28.5. klo 13 Tammenlehv\u00e4keskus<\/p>\n<p class=\"MsoNormal\">5.6. klo 15<span style=\"mso-spacerun: yes;\">\u00a0 <\/span><span style=\"mso-spacerun: yes;\">\u00a0<\/span>Pispan palvelukeskus<\/p>\n<p class=\"MsoNormal\">10.6. klo 18.30 puistokonsertti, Laikunlava<\/p>\n<p class=\"MsoNormal\">13.10. Syyslaulajaiset, Vanha kirjastotalo<\/p>\n<p>Kanerva-kuoron ensiesiintyminen oli 4.3.1945 Nekalan kansakoulun eteishallissa, toimintaa on siis takanap\u00e4in jo l\u00e4hes 70 vuotta. Kuoro koostuu musiikinharrastajista ja tavoitteenamme on tuottaa musiikillista iloa omien konserttien ja esiintymisien my\u00f6t\u00e4. Nykyinen kuoronjohtaja Saija Siuko tuli ohjaksiin syksyll\u00e4 2011.<\/p>\n","protected":false},"excerpt":{"rendered":"<p>Kev\u00e4tkonsertti, \u00a0Rakastaa, ei rakasta, rakastaa, j\u00e4rjestettiin 14.4.\u00a0Sampolan juhlasalissa, johtajana Saija Siuko ja juontajana Jari Niemel\u00e4. Ohjelmisto noudatteli kuoron perinteit\u00e4 ja yleis\u00f6 viihtyi musiikista nauttien. Omat solistit Arto Jylh\u00e4 laulussa Soittajan rakkaus ja Heikki M\u00e4enp\u00e4\u00e4 laulussa Krysanteemi antoivat lis\u00e4vivahteen ohjelmistoon sooloillaan, kuin my\u00f6s kuoronjohtaja Saija Siuko laulussa Lintu. S\u00e4estyksest\u00e4 vastasivat Karoliina Ahonen, flyygeli sek\u00e4 Antti Huusari, [&hellip;]<\/p>\n","protected":false},"author":1,"featured_media":0,"comment_status":"open","ping_status":"open","sticky":false,"template":"","format":"standard","meta":{"_jetpack_newsletter_access":""},"categories":[2],"tags":[],"jetpack_featured_media_url":"","jetpack_shortlink":"https:\/\/wp.me\/p7cXoL-2t","jetpack_sharing_enabled":true,"_links":{"self":[{"href":"https:\/\/www.kanervakuoro.fi\/index.php?rest_route=\/wp\/v2\/posts\/153"}],"collection":[{"href":"https:\/\/www.kanervakuoro.fi\/index.php?rest_route=\/wp\/v2\/posts"}],"about":[{"href":"https:\/\/www.kanervakuoro.fi\/index.php?rest_route=\/wp\/v2\/types\/post"}],"author":[{"embeddable":true,"href":"https:\/\/www.kanervakuoro.fi\/index.php?rest_route=\/wp\/v2\/users\/1"}],"replies":[{"embeddable":true,"href":"https:\/\/www.kanervakuoro.fi\/index.php?rest_route=%2Fwp%2Fv2%2Fcomments&post=153"}],"version-history":[{"count":13,"href":"https:\/\/www.kanervakuoro.fi\/index.php?rest_route=\/wp\/v2\/posts\/153\/revisions"}],"predecessor-version":[{"id":234,"href":"https:\/\/www.kanervakuoro.fi\/index.php?rest_route=\/wp\/v2\/posts\/153\/revisions\/234"}],"wp:attachment":[{"href":"https:\/\/www.kanervakuoro.fi\/index.php?rest_route=%2Fwp%2Fv2%2Fmedia&parent=153"}],"wp:term":[{"taxonomy":"category","embeddable":true,"href":"https:\/\/www.kanervakuoro.fi\/index.php?rest_route=%2Fwp%2Fv2%2Fcategories&post=153"},{"taxonomy":"post_tag","embeddable":true,"href":"https:\/\/www.kanervakuoro.fi\/index.php?rest_route=%2Fwp%2Fv2%2Ftags&post=153"}],"curies":[{"name":"wp","href":"https:\/\/api.w.org\/{rel}","templated":true}]}}