{"id":554,"date":"2018-09-10T12:27:13","date_gmt":"2018-09-10T09:27:13","guid":{"rendered":"http:\/\/www.kanervakuoro.fi\/?p=554"},"modified":"2018-09-10T12:27:13","modified_gmt":"2018-09-10T09:27:13","slug":"syyskausi-lahdossa-kayntiin","status":"publish","type":"post","link":"https:\/\/www.kanervakuoro.fi\/?p=554","title":{"rendered":"Syyskausi l\u00e4hd\u00f6ss\u00e4 k\u00e4yntiin"},"content":{"rendered":"<p>Kanerva-kuoron syyskausi vihellettiin k\u00e4yntiin maanantaina 3.9. Uusia tulokkaita oli joukossa varsin hyv\u00e4 m\u00e4\u00e4r\u00e4 ja syksyn aloitus tuntui lupaavalta.<\/p>\n<p>Harjoituksiin ehtii hyvin viel\u00e4 mukaan. Seuraavat harjoitukset ovat maanantaina 10.9. klo 17.00 &#8211; 20.00 Tammelakeskuksessa (k\u00e4ynti sis\u00e4pihan puolelta) ja sit\u00e4 l\u00e4htien aina maanantaisin samaan aikaan.<\/p>\n","protected":false},"excerpt":{"rendered":"<p>Kanerva-kuoron syyskausi vihellettiin k\u00e4yntiin maanantaina 3.9. Uusia tulokkaita oli joukossa varsin hyv\u00e4 m\u00e4\u00e4r\u00e4 ja syksyn aloitus tuntui lupaavalta. Harjoituksiin ehtii hyvin viel\u00e4 mukaan. Seuraavat harjoitukset ovat maanantaina 10.9. klo 17.00 &#8211; 20.00 Tammelakeskuksessa (k\u00e4ynti sis\u00e4pihan puolelta) ja sit\u00e4 l\u00e4htien aina maanantaisin samaan aikaan.<\/p>\n","protected":false},"author":4,"featured_media":0,"comment_status":"open","ping_status":"open","sticky":false,"template":"","format":"standard","meta":{"_jetpack_newsletter_access":""},"categories":[1],"tags":[],"jetpack_featured_media_url":"","jetpack_shortlink":"https:\/\/wp.me\/p7cXoL-8W","jetpack_sharing_enabled":true,"_links":{"self":[{"href":"https:\/\/www.kanervakuoro.fi\/index.php?rest_route=\/wp\/v2\/posts\/554"}],"collection":[{"href":"https:\/\/www.kanervakuoro.fi\/index.php?rest_route=\/wp\/v2\/posts"}],"about":[{"href":"https:\/\/www.kanervakuoro.fi\/index.php?rest_route=\/wp\/v2\/types\/post"}],"author":[{"embeddable":true,"href":"https:\/\/www.kanervakuoro.fi\/index.php?rest_route=\/wp\/v2\/users\/4"}],"replies":[{"embeddable":true,"href":"https:\/\/www.kanervakuoro.fi\/index.php?rest_route=%2Fwp%2Fv2%2Fcomments&post=554"}],"version-history":[{"count":1,"href":"https:\/\/www.kanervakuoro.fi\/index.php?rest_route=\/wp\/v2\/posts\/554\/revisions"}],"predecessor-version":[{"id":555,"href":"https:\/\/www.kanervakuoro.fi\/index.php?rest_route=\/wp\/v2\/posts\/554\/revisions\/555"}],"wp:attachment":[{"href":"https:\/\/www.kanervakuoro.fi\/index.php?rest_route=%2Fwp%2Fv2%2Fmedia&parent=554"}],"wp:term":[{"taxonomy":"category","embeddable":true,"href":"https:\/\/www.kanervakuoro.fi\/index.php?rest_route=%2Fwp%2Fv2%2Fcategories&post=554"},{"taxonomy":"post_tag","embeddable":true,"href":"https:\/\/www.kanervakuoro.fi\/index.php?rest_route=%2Fwp%2Fv2%2Ftags&post=554"}],"curies":[{"name":"wp","href":"https:\/\/api.w.org\/{rel}","templated":true}]}}