{"id":593,"date":"2019-04-10T10:43:11","date_gmt":"2019-04-10T07:43:11","guid":{"rendered":"http:\/\/www.kanervakuoro.fi\/?p=593"},"modified":"2019-04-10T10:43:11","modified_gmt":"2019-04-10T07:43:11","slug":"metsa-soikoon-kevatkonsertti-sunnuntaina-5-5-klo-14","status":"publish","type":"post","link":"https:\/\/www.kanervakuoro.fi\/?p=593","title":{"rendered":"Mets\u00e4 soikoon! -kev\u00e4tkonsertti sunnuntaina 5.5. klo 14"},"content":{"rendered":"<div id=\"attachment_595\" style=\"width: 242px\" class=\"wp-caption alignnone\"><img aria-describedby=\"caption-attachment-595\" data-attachment-id=\"595\" data-permalink=\"https:\/\/www.kanervakuoro.fi\/?attachment_id=595\" data-orig-file=\"https:\/\/www.kanervakuoro.fi\/wp\/wp-content\/uploads\/netti_Flyer_Metsa_soikoon.jpg\" data-orig-size=\"1112,1440\" data-comments-opened=\"1\" data-image-meta=\"{&quot;aperture&quot;:&quot;0&quot;,&quot;credit&quot;:&quot;&quot;,&quot;camera&quot;:&quot;&quot;,&quot;caption&quot;:&quot;&quot;,&quot;created_timestamp&quot;:&quot;0&quot;,&quot;copyright&quot;:&quot;&quot;,&quot;focal_length&quot;:&quot;0&quot;,&quot;iso&quot;:&quot;0&quot;,&quot;shutter_speed&quot;:&quot;0&quot;,&quot;title&quot;:&quot;&quot;,&quot;orientation&quot;:&quot;1&quot;}\" data-image-title=\"netti_Flyer_Metsa_soikoon\" data-image-description=\"\" data-image-caption=\"&lt;p&gt;Mets\u00e4 soikoon! &#8211; Lauluja puista. Kanerva-kuoron kev\u00e4tkonsertti 5.5.2019 &lt;\/p&gt;\n\" data-medium-file=\"https:\/\/www.kanervakuoro.fi\/wp\/wp-content\/uploads\/netti_Flyer_Metsa_soikoon-232x300.jpg\" data-large-file=\"https:\/\/www.kanervakuoro.fi\/wp\/wp-content\/uploads\/netti_Flyer_Metsa_soikoon-791x1024.jpg\" decoding=\"async\" loading=\"lazy\" class=\"size-medium wp-image-595\" src=\"http:\/\/www.kanervakuoro.fi\/wp\/wp-content\/uploads\/netti_Flyer_Metsa_soikoon-232x300.jpg\" alt=\"Flyer Mets\u00e4 soikoon! - Lauluja puista\" width=\"232\" height=\"300\" srcset=\"https:\/\/www.kanervakuoro.fi\/wp\/wp-content\/uploads\/netti_Flyer_Metsa_soikoon-232x300.jpg 232w, https:\/\/www.kanervakuoro.fi\/wp\/wp-content\/uploads\/netti_Flyer_Metsa_soikoon-768x995.jpg 768w, https:\/\/www.kanervakuoro.fi\/wp\/wp-content\/uploads\/netti_Flyer_Metsa_soikoon-791x1024.jpg 791w, https:\/\/www.kanervakuoro.fi\/wp\/wp-content\/uploads\/netti_Flyer_Metsa_soikoon-624x808.jpg 624w, https:\/\/www.kanervakuoro.fi\/wp\/wp-content\/uploads\/netti_Flyer_Metsa_soikoon.jpg 1112w\" sizes=\"(max-width: 232px) 100vw, 232px\" \/><p id=\"caption-attachment-595\" class=\"wp-caption-text\">Mets\u00e4 soikoon! &#8211; Lauluja puista. Kanerva-kuoron kev\u00e4tkonsertti 5.5.2019<\/p><\/div>\n<p>Kanerva-kuoro esitt\u00e4\u00e4 oodin puille: vakaille tammille, hennoille pihlajille, kev\u00e4\u00e4ll\u00e4 uuteen loistoon her\u00e4\u00e4ville koivuille ja kaukaisille kirsikkapuille. Lauluissa puilla on monta roolia. Joskus ne ovat vertauskuvia ihmisille, toisinaan koteja linnuille ja oraville. Usein ne ovat rakkauden ja el\u00e4m\u00e4n mykki\u00e4 todistajia, joilta pyydet\u00e4\u00e4n neuvoa ja joiden kaarnaan raaputetaan lemmentunnustuksia.<\/p>\n<p>Kanerva-kuoro<br \/>\nAnna Arola, kuoronjohto<br \/>\nJuhana Mattila, piano<br \/>\nJoonas Ojaj\u00e4rvi, mandoliini<br \/>\nMaija Matt, huilu<\/p>\n<p>Lis\u00e4ksi: V\u00e4liaikabuffet<\/p>\n<p>AIKA: sunnuntai 5.5.2019 klo 14.00<br \/>\nPAIKKA: Tyllin sali, Hallituskatu 30. P\u00e4\u00e4sis\u00e4\u00e4nk\u00e4ynti Aleksanterin kirkkopuiston puolelta. Esteet\u00f6n sis\u00e4\u00e4nk\u00e4ynti ja paikoitus Hallituskadun puolelta.<br \/>\nLIPUT: 15 \u20ac ovelta<br \/>\nEnnakkoon: Kukkakauppa Tiina Rantala, Sammonkatu 8 &#8211; 10<br \/>\nKukkapuoti, Kauppahalli<\/p>\n<p>Tervetuloa!<\/p>\n","protected":false},"excerpt":{"rendered":"<p>Kanerva-kuoro esitt\u00e4\u00e4 oodin puille: vakaille tammille, hennoille pihlajille, kev\u00e4\u00e4ll\u00e4 uuteen loistoon her\u00e4\u00e4ville koivuille ja kaukaisille kirsikkapuille. Lauluissa puilla on monta roolia. Joskus ne ovat vertauskuvia ihmisille, toisinaan koteja linnuille ja oraville. Usein ne ovat rakkauden ja el\u00e4m\u00e4n mykki\u00e4 todistajia, joilta pyydet\u00e4\u00e4n neuvoa ja joiden kaarnaan raaputetaan lemmentunnustuksia. Kanerva-kuoro Anna Arola, kuoronjohto Juhana Mattila, piano Joonas [&hellip;]<\/p>\n","protected":false},"author":4,"featured_media":0,"comment_status":"open","ping_status":"open","sticky":false,"template":"","format":"standard","meta":{"_jetpack_newsletter_access":""},"categories":[1],"tags":[],"jetpack_featured_media_url":"","jetpack_shortlink":"https:\/\/wp.me\/p7cXoL-9z","jetpack_sharing_enabled":true,"_links":{"self":[{"href":"https:\/\/www.kanervakuoro.fi\/index.php?rest_route=\/wp\/v2\/posts\/593"}],"collection":[{"href":"https:\/\/www.kanervakuoro.fi\/index.php?rest_route=\/wp\/v2\/posts"}],"about":[{"href":"https:\/\/www.kanervakuoro.fi\/index.php?rest_route=\/wp\/v2\/types\/post"}],"author":[{"embeddable":true,"href":"https:\/\/www.kanervakuoro.fi\/index.php?rest_route=\/wp\/v2\/users\/4"}],"replies":[{"embeddable":true,"href":"https:\/\/www.kanervakuoro.fi\/index.php?rest_route=%2Fwp%2Fv2%2Fcomments&post=593"}],"version-history":[{"count":2,"href":"https:\/\/www.kanervakuoro.fi\/index.php?rest_route=\/wp\/v2\/posts\/593\/revisions"}],"predecessor-version":[{"id":597,"href":"https:\/\/www.kanervakuoro.fi\/index.php?rest_route=\/wp\/v2\/posts\/593\/revisions\/597"}],"wp:attachment":[{"href":"https:\/\/www.kanervakuoro.fi\/index.php?rest_route=%2Fwp%2Fv2%2Fmedia&parent=593"}],"wp:term":[{"taxonomy":"category","embeddable":true,"href":"https:\/\/www.kanervakuoro.fi\/index.php?rest_route=%2Fwp%2Fv2%2Fcategories&post=593"},{"taxonomy":"post_tag","embeddable":true,"href":"https:\/\/www.kanervakuoro.fi\/index.php?rest_route=%2Fwp%2Fv2%2Ftags&post=593"}],"curies":[{"name":"wp","href":"https:\/\/api.w.org\/{rel}","templated":true}]}}