{"id":634,"date":"2019-08-06T11:21:39","date_gmt":"2019-08-06T08:21:39","guid":{"rendered":"http:\/\/www.kanervakuoro.fi\/?p=634"},"modified":"2019-08-06T11:21:39","modified_gmt":"2019-08-06T08:21:39","slug":"kanerva-kuoro-hameenpuiston-puistofiestassa","status":"publish","type":"post","link":"https:\/\/www.kanervakuoro.fi\/?p=634","title":{"rendered":"Kanerva-kuoro H\u00e4meenpuiston Puistofiestassa!"},"content":{"rendered":"<p>Vuoden tauon j\u00e4lkeen Kanerva-kuoro osallituu j\u00e4lleen H\u00e4meenpuiston Puistofiestaan. Pisteell\u00e4mme on jo perinteeksi muodostunut musavisa, paljon hauskoja juttukavereita ja mediahuomiotakin saanut Kuorosimulaattori.<\/p>\n<div id=\"attachment_534\" style=\"width: 310px\" class=\"wp-caption alignnone\"><img aria-describedby=\"caption-attachment-534\" data-attachment-id=\"534\" data-permalink=\"https:\/\/www.kanervakuoro.fi\/?attachment_id=534\" data-orig-file=\"https:\/\/www.kanervakuoro.fi\/wp\/wp-content\/uploads\/netti_Kuorosimulaattori_Tapahtumien_Yo_2018-21.jpg\" data-orig-size=\"1210,908\" data-comments-opened=\"1\" data-image-meta=\"{&quot;aperture&quot;:&quot;2&quot;,&quot;credit&quot;:&quot;&quot;,&quot;camera&quot;:&quot;Nexus 6P&quot;,&quot;caption&quot;:&quot;&quot;,&quot;created_timestamp&quot;:&quot;1533839212&quot;,&quot;copyright&quot;:&quot;&quot;,&quot;focal_length&quot;:&quot;4.67&quot;,&quot;iso&quot;:&quot;60&quot;,&quot;shutter_speed&quot;:&quot;0.004225&quot;,&quot;title&quot;:&quot;&quot;,&quot;orientation&quot;:&quot;1&quot;}\" data-image-title=\"netti_Kuorosimulaattori_Tapahtumien_Yo_2018 (21)\" data-image-description=\"\" data-image-caption=\"&lt;p&gt;Kanerva-kuoron ennenn\u00e4kem\u00e4t\u00f6n Kuorosimulaattori Tapahtumien Y\u00f6ss\u00e4 2018&lt;\/p&gt;\n\" data-medium-file=\"https:\/\/www.kanervakuoro.fi\/wp\/wp-content\/uploads\/netti_Kuorosimulaattori_Tapahtumien_Yo_2018-21-300x225.jpg\" data-large-file=\"https:\/\/www.kanervakuoro.fi\/wp\/wp-content\/uploads\/netti_Kuorosimulaattori_Tapahtumien_Yo_2018-21-1024x768.jpg\" decoding=\"async\" loading=\"lazy\" class=\"size-medium wp-image-534\" src=\"http:\/\/www.kanervakuoro.fi\/wp\/wp-content\/uploads\/netti_Kuorosimulaattori_Tapahtumien_Yo_2018-21-300x225.jpg\" alt=\"Kanervakuorolaisia ja Kuorosimulaattorin testaajia\" width=\"300\" height=\"225\" srcset=\"https:\/\/www.kanervakuoro.fi\/wp\/wp-content\/uploads\/netti_Kuorosimulaattori_Tapahtumien_Yo_2018-21-300x225.jpg 300w, https:\/\/www.kanervakuoro.fi\/wp\/wp-content\/uploads\/netti_Kuorosimulaattori_Tapahtumien_Yo_2018-21-768x576.jpg 768w, https:\/\/www.kanervakuoro.fi\/wp\/wp-content\/uploads\/netti_Kuorosimulaattori_Tapahtumien_Yo_2018-21-1024x768.jpg 1024w, https:\/\/www.kanervakuoro.fi\/wp\/wp-content\/uploads\/netti_Kuorosimulaattori_Tapahtumien_Yo_2018-21-624x468.jpg 624w, https:\/\/www.kanervakuoro.fi\/wp\/wp-content\/uploads\/netti_Kuorosimulaattori_Tapahtumien_Yo_2018-21.jpg 1210w\" sizes=\"(max-width: 300px) 100vw, 300px\" \/><p id=\"caption-attachment-534\" class=\"wp-caption-text\">Kanerva-kuoron ennenn\u00e4kem\u00e4t\u00f6n Kuorosimulaattori Tapahtumien Y\u00f6ss\u00e4 2018<\/p><\/div>\n<p>H\u00e4meenpuiston Puistofiesta j\u00e4rjestet\u00e4\u00e4n Tampereen H\u00e4meenpuistossa sunnuntaina 18.8. klo 11 &#8211; 16. Kanerva-kuoron piste on Ty\u00f6v\u00e4en Teatteria vastap\u00e4\u00e4t\u00e4. Olemme paikalla koko p\u00e4iv\u00e4n ja Kuorosimulaattori j\u00e4rjestet\u00e4\u00e4n tasatunnein klo 12, 13, 14 ja 15.<\/p>\n<p>Puistossa n\u00e4hd\u00e4\u00e4n!<\/p>\n","protected":false},"excerpt":{"rendered":"<p>Vuoden tauon j\u00e4lkeen Kanerva-kuoro osallituu j\u00e4lleen H\u00e4meenpuiston Puistofiestaan. Pisteell\u00e4mme on jo perinteeksi muodostunut musavisa, paljon hauskoja juttukavereita ja mediahuomiotakin saanut Kuorosimulaattori. H\u00e4meenpuiston Puistofiesta j\u00e4rjestet\u00e4\u00e4n Tampereen H\u00e4meenpuistossa sunnuntaina 18.8. klo 11 &#8211; 16. Kanerva-kuoron piste on Ty\u00f6v\u00e4en Teatteria vastap\u00e4\u00e4t\u00e4. Olemme paikalla koko p\u00e4iv\u00e4n ja Kuorosimulaattori j\u00e4rjestet\u00e4\u00e4n tasatunnein klo 12, 13, 14 ja 15. Puistossa n\u00e4hd\u00e4\u00e4n!<\/p>\n","protected":false},"author":4,"featured_media":0,"comment_status":"open","ping_status":"open","sticky":false,"template":"","format":"standard","meta":{"_jetpack_newsletter_access":""},"categories":[1],"tags":[],"jetpack_featured_media_url":"","jetpack_shortlink":"https:\/\/wp.me\/p7cXoL-ae","jetpack_sharing_enabled":true,"_links":{"self":[{"href":"https:\/\/www.kanervakuoro.fi\/index.php?rest_route=\/wp\/v2\/posts\/634"}],"collection":[{"href":"https:\/\/www.kanervakuoro.fi\/index.php?rest_route=\/wp\/v2\/posts"}],"about":[{"href":"https:\/\/www.kanervakuoro.fi\/index.php?rest_route=\/wp\/v2\/types\/post"}],"author":[{"embeddable":true,"href":"https:\/\/www.kanervakuoro.fi\/index.php?rest_route=\/wp\/v2\/users\/4"}],"replies":[{"embeddable":true,"href":"https:\/\/www.kanervakuoro.fi\/index.php?rest_route=%2Fwp%2Fv2%2Fcomments&post=634"}],"version-history":[{"count":1,"href":"https:\/\/www.kanervakuoro.fi\/index.php?rest_route=\/wp\/v2\/posts\/634\/revisions"}],"predecessor-version":[{"id":635,"href":"https:\/\/www.kanervakuoro.fi\/index.php?rest_route=\/wp\/v2\/posts\/634\/revisions\/635"}],"wp:attachment":[{"href":"https:\/\/www.kanervakuoro.fi\/index.php?rest_route=%2Fwp%2Fv2%2Fmedia&parent=634"}],"wp:term":[{"taxonomy":"category","embeddable":true,"href":"https:\/\/www.kanervakuoro.fi\/index.php?rest_route=%2Fwp%2Fv2%2Fcategories&post=634"},{"taxonomy":"post_tag","embeddable":true,"href":"https:\/\/www.kanervakuoro.fi\/index.php?rest_route=%2Fwp%2Fv2%2Ftags&post=634"}],"curies":[{"name":"wp","href":"https:\/\/api.w.org\/{rel}","templated":true}]}}