{"id":636,"date":"2019-08-06T11:37:24","date_gmt":"2019-08-06T08:37:24","guid":{"rendered":"http:\/\/www.kanervakuoro.fi\/?p=636"},"modified":"2019-08-06T11:37:24","modified_gmt":"2019-08-06T08:37:24","slug":"avoimet-ovet-kanerva-kuoron-harjoituksissa-2-9-2019","status":"publish","type":"post","link":"https:\/\/www.kanervakuoro.fi\/?p=636","title":{"rendered":"Avoimet ovet Kanerva-kuoron harjoituksissa 2.9.2019!"},"content":{"rendered":"<p>Oletko miettinyt, millaista on laulaa kuorossa tai millainen porukka Kanerva-kuoro on? Saavu nauttimaan mehua ja pullaa ja tutustumaan meihin! Kutsumme kaikki laulamisesta kiinnostuneet avoimien ovien iltaan maanantaina 2.9. klo 17.00 Tammelakeskuksessa osoitteessa Itsen\u00e4isyydenkatu 21 B (k\u00e4ynti sis\u00e4pihan puolelta).<\/p>\n<div id=\"attachment_579\" style=\"width: 310px\" class=\"wp-caption alignnone\"><img aria-describedby=\"caption-attachment-579\" data-attachment-id=\"579\" data-permalink=\"https:\/\/www.kanervakuoro.fi\/?attachment_id=579\" data-orig-file=\"https:\/\/www.kanervakuoro.fi\/wp\/wp-content\/uploads\/netti_uusia_kanervakuorolaisia_pikkujoulut_2018.jpg\" data-orig-size=\"2477,1858\" data-comments-opened=\"1\" data-image-meta=\"{&quot;aperture&quot;:&quot;1.9&quot;,&quot;credit&quot;:&quot;&quot;,&quot;camera&quot;:&quot;SM-A320FL&quot;,&quot;caption&quot;:&quot;&quot;,&quot;created_timestamp&quot;:&quot;1544469893&quot;,&quot;copyright&quot;:&quot;&quot;,&quot;focal_length&quot;:&quot;3.6&quot;,&quot;iso&quot;:&quot;200&quot;,&quot;shutter_speed&quot;:&quot;0.058823529411765&quot;,&quot;title&quot;:&quot;&quot;,&quot;orientation&quot;:&quot;1&quot;}\" data-image-title=\"netti_uusia_kanervakuorolaisia_pikkujoulut_2018\" data-image-description=\"\" data-image-caption=\"&lt;p&gt;Nelj\u00e4 uutta kuorolaista pikkujouluissa 2018&lt;\/p&gt;\n\" data-medium-file=\"https:\/\/www.kanervakuoro.fi\/wp\/wp-content\/uploads\/netti_uusia_kanervakuorolaisia_pikkujoulut_2018-300x225.jpg\" data-large-file=\"https:\/\/www.kanervakuoro.fi\/wp\/wp-content\/uploads\/netti_uusia_kanervakuorolaisia_pikkujoulut_2018-1024x768.jpg\" decoding=\"async\" loading=\"lazy\" class=\"size-medium wp-image-579\" src=\"http:\/\/www.kanervakuoro.fi\/wp\/wp-content\/uploads\/netti_uusia_kanervakuorolaisia_pikkujoulut_2018-300x225.jpg\" alt=\"\" width=\"300\" height=\"225\" srcset=\"https:\/\/www.kanervakuoro.fi\/wp\/wp-content\/uploads\/netti_uusia_kanervakuorolaisia_pikkujoulut_2018-300x225.jpg 300w, https:\/\/www.kanervakuoro.fi\/wp\/wp-content\/uploads\/netti_uusia_kanervakuorolaisia_pikkujoulut_2018-768x576.jpg 768w, https:\/\/www.kanervakuoro.fi\/wp\/wp-content\/uploads\/netti_uusia_kanervakuorolaisia_pikkujoulut_2018-1024x768.jpg 1024w, https:\/\/www.kanervakuoro.fi\/wp\/wp-content\/uploads\/netti_uusia_kanervakuorolaisia_pikkujoulut_2018-624x468.jpg 624w\" sizes=\"(max-width: 300px) 100vw, 300px\" \/><p id=\"caption-attachment-579\" class=\"wp-caption-text\">Nelj\u00e4 uutta kuorolaista pikkujouluissa 2018<\/p><\/div>\n<p>Tutustumistuokion j\u00e4lkeen iltaa jatketaan avoimilla harjoituksilla, joihin kaikki kiinnostuneet ovat tervetulleita ilman mit\u00e4\u00e4n sitoumuksia.<\/p>\n<p>Lue lis\u00e4\u00e4 Kanerva-kuorossa laulamisesta sivulta <a href=\"http:\/\/www.kanervakuoro.fi\/?page_id=47\">Tule mukaan<\/a>!<\/p>\n","protected":false},"excerpt":{"rendered":"<p>Oletko miettinyt, millaista on laulaa kuorossa tai millainen porukka Kanerva-kuoro on? Saavu nauttimaan mehua ja pullaa ja tutustumaan meihin! Kutsumme kaikki laulamisesta kiinnostuneet avoimien ovien iltaan maanantaina 2.9. klo 17.00 Tammelakeskuksessa osoitteessa Itsen\u00e4isyydenkatu 21 B (k\u00e4ynti sis\u00e4pihan puolelta). Tutustumistuokion j\u00e4lkeen iltaa jatketaan avoimilla harjoituksilla, joihin kaikki kiinnostuneet ovat tervetulleita ilman mit\u00e4\u00e4n sitoumuksia. Lue lis\u00e4\u00e4 Kanerva-kuorossa [&hellip;]<\/p>\n","protected":false},"author":4,"featured_media":0,"comment_status":"open","ping_status":"open","sticky":false,"template":"","format":"standard","meta":{"_jetpack_newsletter_access":""},"categories":[1],"tags":[],"jetpack_featured_media_url":"","jetpack_shortlink":"https:\/\/wp.me\/p7cXoL-ag","jetpack_sharing_enabled":true,"_links":{"self":[{"href":"https:\/\/www.kanervakuoro.fi\/index.php?rest_route=\/wp\/v2\/posts\/636"}],"collection":[{"href":"https:\/\/www.kanervakuoro.fi\/index.php?rest_route=\/wp\/v2\/posts"}],"about":[{"href":"https:\/\/www.kanervakuoro.fi\/index.php?rest_route=\/wp\/v2\/types\/post"}],"author":[{"embeddable":true,"href":"https:\/\/www.kanervakuoro.fi\/index.php?rest_route=\/wp\/v2\/users\/4"}],"replies":[{"embeddable":true,"href":"https:\/\/www.kanervakuoro.fi\/index.php?rest_route=%2Fwp%2Fv2%2Fcomments&post=636"}],"version-history":[{"count":1,"href":"https:\/\/www.kanervakuoro.fi\/index.php?rest_route=\/wp\/v2\/posts\/636\/revisions"}],"predecessor-version":[{"id":637,"href":"https:\/\/www.kanervakuoro.fi\/index.php?rest_route=\/wp\/v2\/posts\/636\/revisions\/637"}],"wp:attachment":[{"href":"https:\/\/www.kanervakuoro.fi\/index.php?rest_route=%2Fwp%2Fv2%2Fmedia&parent=636"}],"wp:term":[{"taxonomy":"category","embeddable":true,"href":"https:\/\/www.kanervakuoro.fi\/index.php?rest_route=%2Fwp%2Fv2%2Fcategories&post=636"},{"taxonomy":"post_tag","embeddable":true,"href":"https:\/\/www.kanervakuoro.fi\/index.php?rest_route=%2Fwp%2Fv2%2Ftags&post=636"}],"curies":[{"name":"wp","href":"https:\/\/api.w.org\/{rel}","templated":true}]}}