{"id":651,"date":"2019-12-10T11:32:04","date_gmt":"2019-12-10T09:32:04","guid":{"rendered":"http:\/\/www.kanervakuoro.fi\/?p=651"},"modified":"2019-12-10T11:32:04","modified_gmt":"2019-12-10T09:32:04","slug":"joulukuun-juhlatunnelmia","status":"publish","type":"post","link":"https:\/\/www.kanervakuoro.fi\/?p=651","title":{"rendered":"Joulukuun juhlatunnelmia"},"content":{"rendered":"<p>Joulukuussa juhlitaan tavallista enemm\u00e4n my\u00f6s Kanerva-kuorossa. Joulunodotuksen aloitti kuoron osalta videon tekeminen Pirkanmaan Kuorokeskuksen ja Tampereen Kulttuurip\u00e4\u00e4kaupunkihaun yhteiseen Kuorojen joulukalenteriin. Kanerva-kuoron yst\u00e4v\u00e4 ja alan ammattilainen Mikko Silvennoinen kuvasi ja leikkasi videon. Kanerva-kuoron video julkaistaan lauantaina 14.12.2019 ja se on silloin n\u00e4ht\u00e4vill\u00e4 ainakin Kulttuurip\u00e4\u00e4kaupunkihaun Facebookissa, josta se my\u00f6s jaetaan Kanerva-kuoron Facebookiin.<\/p>\n<div id=\"attachment_647\" style=\"width: 310px\" class=\"wp-caption alignnone\"><img aria-describedby=\"caption-attachment-647\" data-attachment-id=\"647\" data-permalink=\"https:\/\/www.kanervakuoro.fi\/?attachment_id=647\" data-orig-file=\"https:\/\/www.kanervakuoro.fi\/wp\/wp-content\/uploads\/netti_Making-of-joulukalenteri_Mikko-Silvennoinen.jpg\" data-orig-size=\"1239,929\" data-comments-opened=\"1\" data-image-meta=\"{&quot;aperture&quot;:&quot;1.9&quot;,&quot;credit&quot;:&quot;&quot;,&quot;camera&quot;:&quot;SM-A320FL&quot;,&quot;caption&quot;:&quot;&quot;,&quot;created_timestamp&quot;:&quot;1573497077&quot;,&quot;copyright&quot;:&quot;&quot;,&quot;focal_length&quot;:&quot;3.6&quot;,&quot;iso&quot;:&quot;200&quot;,&quot;shutter_speed&quot;:&quot;0.058823529411765&quot;,&quot;title&quot;:&quot;&quot;,&quot;orientation&quot;:&quot;1&quot;}\" data-image-title=\"\" data-image-description=\"\" data-image-caption=\"&lt;p&gt;Mikko Silvennoinen kuvaamassa Kanerva-kuoron joulukalenterivideota&lt;\/p&gt;\n\" data-medium-file=\"https:\/\/www.kanervakuoro.fi\/wp\/wp-content\/uploads\/netti_Making-of-joulukalenteri_Mikko-Silvennoinen-300x225.jpg\" data-large-file=\"https:\/\/www.kanervakuoro.fi\/wp\/wp-content\/uploads\/netti_Making-of-joulukalenteri_Mikko-Silvennoinen-1024x768.jpg\" decoding=\"async\" loading=\"lazy\" class=\"size-medium wp-image-647\" src=\"http:\/\/www.kanervakuoro.fi\/wp\/wp-content\/uploads\/netti_Making-of-joulukalenteri_Mikko-Silvennoinen-300x225.jpg\" alt=\"\" width=\"300\" height=\"225\" srcset=\"https:\/\/www.kanervakuoro.fi\/wp\/wp-content\/uploads\/netti_Making-of-joulukalenteri_Mikko-Silvennoinen-300x225.jpg 300w, https:\/\/www.kanervakuoro.fi\/wp\/wp-content\/uploads\/netti_Making-of-joulukalenteri_Mikko-Silvennoinen-768x576.jpg 768w, https:\/\/www.kanervakuoro.fi\/wp\/wp-content\/uploads\/netti_Making-of-joulukalenteri_Mikko-Silvennoinen-1024x768.jpg 1024w, https:\/\/www.kanervakuoro.fi\/wp\/wp-content\/uploads\/netti_Making-of-joulukalenteri_Mikko-Silvennoinen-624x468.jpg 624w, https:\/\/www.kanervakuoro.fi\/wp\/wp-content\/uploads\/netti_Making-of-joulukalenteri_Mikko-Silvennoinen.jpg 1239w\" sizes=\"(max-width: 300px) 100vw, 300px\" \/><p id=\"caption-attachment-647\" class=\"wp-caption-text\">Mikko Silvennoinen kuvaamassa Kanerva-kuoron joulukalenterivideota<\/p><\/div>\n<p>Joulukuussa Kanerva-kuoro on my\u00f6s esiintynyt kahdesti: ensin 3.12. Tammelakeskuksessa teemalla Lauluja Suomelle ja joululle sek\u00e4 Tammenlehv\u00e4keskuksen itsen\u00e4isyysjuhlassa itsen\u00e4isyysp\u00e4iv\u00e4n\u00e4 6.12. Vaikuttavassa tilaisuudessa kuultiin muun muassa Esko Raipian puheenvuoro teatterin t\u00e4rkeydest\u00e4 ja apulaispormestari Aleksi J\u00e4ntin tuoma kaupungin tervehdys. Kanerva-kuoro esitti muun muassa Finlandia-hymnin.<\/p>\n<div id=\"attachment_649\" style=\"width: 310px\" class=\"wp-caption alignnone\"><img aria-describedby=\"caption-attachment-649\" data-attachment-id=\"649\" data-permalink=\"https:\/\/www.kanervakuoro.fi\/?attachment_id=649\" data-orig-file=\"https:\/\/www.kanervakuoro.fi\/wp\/wp-content\/uploads\/netti_Kanerva-kuoro-yhteislauluja-Tammelakeskuksessa-joulukuu-2019.jpg\" data-orig-size=\"1445,1084\" data-comments-opened=\"1\" data-image-meta=\"{&quot;aperture&quot;:&quot;1.9&quot;,&quot;credit&quot;:&quot;&quot;,&quot;camera&quot;:&quot;SM-A320FL&quot;,&quot;caption&quot;:&quot;&quot;,&quot;created_timestamp&quot;:&quot;1575381094&quot;,&quot;copyright&quot;:&quot;&quot;,&quot;focal_length&quot;:&quot;3.6&quot;,&quot;iso&quot;:&quot;200&quot;,&quot;shutter_speed&quot;:&quot;0.05&quot;,&quot;title&quot;:&quot;&quot;,&quot;orientation&quot;:&quot;1&quot;}\" data-image-title=\"\" data-image-description=\"\" data-image-caption=\"&lt;p&gt;Kanervakuorolaiset ja yleis\u00f6 laulavat jouluisia yhteislauluja&lt;\/p&gt;\n\" data-medium-file=\"https:\/\/www.kanervakuoro.fi\/wp\/wp-content\/uploads\/netti_Kanerva-kuoro-yhteislauluja-Tammelakeskuksessa-joulukuu-2019-300x225.jpg\" data-large-file=\"https:\/\/www.kanervakuoro.fi\/wp\/wp-content\/uploads\/netti_Kanerva-kuoro-yhteislauluja-Tammelakeskuksessa-joulukuu-2019-1024x768.jpg\" decoding=\"async\" loading=\"lazy\" class=\"size-medium wp-image-649\" src=\"http:\/\/www.kanervakuoro.fi\/wp\/wp-content\/uploads\/netti_Kanerva-kuoro-yhteislauluja-Tammelakeskuksessa-joulukuu-2019-300x225.jpg\" alt=\"\" width=\"300\" height=\"225\" srcset=\"https:\/\/www.kanervakuoro.fi\/wp\/wp-content\/uploads\/netti_Kanerva-kuoro-yhteislauluja-Tammelakeskuksessa-joulukuu-2019-300x225.jpg 300w, https:\/\/www.kanervakuoro.fi\/wp\/wp-content\/uploads\/netti_Kanerva-kuoro-yhteislauluja-Tammelakeskuksessa-joulukuu-2019-768x576.jpg 768w, https:\/\/www.kanervakuoro.fi\/wp\/wp-content\/uploads\/netti_Kanerva-kuoro-yhteislauluja-Tammelakeskuksessa-joulukuu-2019-1024x768.jpg 1024w, https:\/\/www.kanervakuoro.fi\/wp\/wp-content\/uploads\/netti_Kanerva-kuoro-yhteislauluja-Tammelakeskuksessa-joulukuu-2019-624x468.jpg 624w, https:\/\/www.kanervakuoro.fi\/wp\/wp-content\/uploads\/netti_Kanerva-kuoro-yhteislauluja-Tammelakeskuksessa-joulukuu-2019.jpg 1445w\" sizes=\"(max-width: 300px) 100vw, 300px\" \/><p id=\"caption-attachment-649\" class=\"wp-caption-text\">Kanervakuorolaiset ja yleis\u00f6 laulavat jouluisia yhteislauluja<\/p><\/div>\n","protected":false},"excerpt":{"rendered":"<p>Joulukuussa juhlitaan tavallista enemm\u00e4n my\u00f6s Kanerva-kuorossa. Joulunodotuksen aloitti kuoron osalta videon tekeminen Pirkanmaan Kuorokeskuksen ja Tampereen Kulttuurip\u00e4\u00e4kaupunkihaun yhteiseen Kuorojen joulukalenteriin. Kanerva-kuoron yst\u00e4v\u00e4 ja alan ammattilainen Mikko Silvennoinen kuvasi ja leikkasi videon. Kanerva-kuoron video julkaistaan lauantaina 14.12.2019 ja se on silloin n\u00e4ht\u00e4vill\u00e4 ainakin Kulttuurip\u00e4\u00e4kaupunkihaun Facebookissa, josta se my\u00f6s jaetaan Kanerva-kuoron Facebookiin. Joulukuussa Kanerva-kuoro on my\u00f6s esiintynyt [&hellip;]<\/p>\n","protected":false},"author":4,"featured_media":0,"comment_status":"open","ping_status":"open","sticky":false,"template":"","format":"standard","meta":{"_jetpack_newsletter_access":""},"categories":[1],"tags":[],"jetpack_featured_media_url":"","jetpack_shortlink":"https:\/\/wp.me\/p7cXoL-av","jetpack_sharing_enabled":true,"_links":{"self":[{"href":"https:\/\/www.kanervakuoro.fi\/index.php?rest_route=\/wp\/v2\/posts\/651"}],"collection":[{"href":"https:\/\/www.kanervakuoro.fi\/index.php?rest_route=\/wp\/v2\/posts"}],"about":[{"href":"https:\/\/www.kanervakuoro.fi\/index.php?rest_route=\/wp\/v2\/types\/post"}],"author":[{"embeddable":true,"href":"https:\/\/www.kanervakuoro.fi\/index.php?rest_route=\/wp\/v2\/users\/4"}],"replies":[{"embeddable":true,"href":"https:\/\/www.kanervakuoro.fi\/index.php?rest_route=%2Fwp%2Fv2%2Fcomments&post=651"}],"version-history":[{"count":1,"href":"https:\/\/www.kanervakuoro.fi\/index.php?rest_route=\/wp\/v2\/posts\/651\/revisions"}],"predecessor-version":[{"id":652,"href":"https:\/\/www.kanervakuoro.fi\/index.php?rest_route=\/wp\/v2\/posts\/651\/revisions\/652"}],"wp:attachment":[{"href":"https:\/\/www.kanervakuoro.fi\/index.php?rest_route=%2Fwp%2Fv2%2Fmedia&parent=651"}],"wp:term":[{"taxonomy":"category","embeddable":true,"href":"https:\/\/www.kanervakuoro.fi\/index.php?rest_route=%2Fwp%2Fv2%2Fcategories&post=651"},{"taxonomy":"post_tag","embeddable":true,"href":"https:\/\/www.kanervakuoro.fi\/index.php?rest_route=%2Fwp%2Fv2%2Ftags&post=651"}],"curies":[{"name":"wp","href":"https:\/\/api.w.org\/{rel}","templated":true}]}}