{"id":664,"date":"2020-01-15T06:53:08","date_gmt":"2020-01-15T04:53:08","guid":{"rendered":"http:\/\/www.kanervakuoro.fi\/?p=664"},"modified":"2020-01-15T06:53:08","modified_gmt":"2020-01-15T04:53:08","slug":"kevatkausi-2020-lahti-kayntiin","status":"publish","type":"post","link":"https:\/\/www.kanervakuoro.fi\/?p=664","title":{"rendered":"Kev\u00e4tkausi 2020 l\u00e4hti k\u00e4yntiin!"},"content":{"rendered":"\n<p>Kev\u00e4tkautemme polkaistiin k\u00e4yntiin maanantaina 13.1. Olemme aloittaneet kev\u00e4\u00e4n juhlakonsertin ohjelmiston harjoittelun jo syksyll\u00e4 emmek\u00e4 siksi panostaneet nyt kev\u00e4tkauden osalta erityisesti j\u00e4senhankintaan. Mutta niin vain harjoituksissa oli taas monta uutta ja upeaa tutustujaa!<\/p>\n\n\n\n<p>Erityisen hienoa on, kun kuorolaiset itse tykk\u00e4\u00e4v\u00e4t olla mukana niin paljon, ett\u00e4 rekrytoivat mukaan yst\u00e4vi\u00e4\u00e4n, naapureitaan ja harrastuskavereitaan. Tervetuloa mukaan l\u00e4mminhenkisiin harkkoihimme! <\/p>\n","protected":false},"excerpt":{"rendered":"<p>Kev\u00e4tkautemme polkaistiin k\u00e4yntiin maanantaina 13.1. Olemme aloittaneet kev\u00e4\u00e4n juhlakonsertin ohjelmiston harjoittelun jo syksyll\u00e4 emmek\u00e4 siksi panostaneet nyt kev\u00e4tkauden osalta erityisesti j\u00e4senhankintaan. Mutta niin vain harjoituksissa oli taas monta uutta ja upeaa tutustujaa! Erityisen hienoa on, kun kuorolaiset itse tykk\u00e4\u00e4v\u00e4t olla mukana niin paljon, ett\u00e4 rekrytoivat mukaan yst\u00e4vi\u00e4\u00e4n, naapureitaan ja harrastuskavereitaan. Tervetuloa mukaan l\u00e4mminhenkisiin harkkoihimme!<\/p>\n","protected":false},"author":4,"featured_media":0,"comment_status":"open","ping_status":"open","sticky":false,"template":"","format":"standard","meta":{"_jetpack_newsletter_access":""},"categories":[1],"tags":[],"jetpack_featured_media_url":"","jetpack_shortlink":"https:\/\/wp.me\/p7cXoL-aI","jetpack_sharing_enabled":true,"_links":{"self":[{"href":"https:\/\/www.kanervakuoro.fi\/index.php?rest_route=\/wp\/v2\/posts\/664"}],"collection":[{"href":"https:\/\/www.kanervakuoro.fi\/index.php?rest_route=\/wp\/v2\/posts"}],"about":[{"href":"https:\/\/www.kanervakuoro.fi\/index.php?rest_route=\/wp\/v2\/types\/post"}],"author":[{"embeddable":true,"href":"https:\/\/www.kanervakuoro.fi\/index.php?rest_route=\/wp\/v2\/users\/4"}],"replies":[{"embeddable":true,"href":"https:\/\/www.kanervakuoro.fi\/index.php?rest_route=%2Fwp%2Fv2%2Fcomments&post=664"}],"version-history":[{"count":1,"href":"https:\/\/www.kanervakuoro.fi\/index.php?rest_route=\/wp\/v2\/posts\/664\/revisions"}],"predecessor-version":[{"id":665,"href":"https:\/\/www.kanervakuoro.fi\/index.php?rest_route=\/wp\/v2\/posts\/664\/revisions\/665"}],"wp:attachment":[{"href":"https:\/\/www.kanervakuoro.fi\/index.php?rest_route=%2Fwp%2Fv2%2Fmedia&parent=664"}],"wp:term":[{"taxonomy":"category","embeddable":true,"href":"https:\/\/www.kanervakuoro.fi\/index.php?rest_route=%2Fwp%2Fv2%2Fcategories&post=664"},{"taxonomy":"post_tag","embeddable":true,"href":"https:\/\/www.kanervakuoro.fi\/index.php?rest_route=%2Fwp%2Fv2%2Ftags&post=664"}],"curies":[{"name":"wp","href":"https:\/\/api.w.org\/{rel}","templated":true}]}}