{"id":667,"date":"2020-02-09T14:58:03","date_gmt":"2020-02-09T12:58:03","guid":{"rendered":"http:\/\/www.kanervakuoro.fi\/?p=667"},"modified":"2020-02-09T14:58:24","modified_gmt":"2020-02-09T12:58:24","slug":"kanerva-kuoron-75-vuotisjuhlakonsertti-19-4-2020","status":"publish","type":"post","link":"https:\/\/www.kanervakuoro.fi\/?p=667","title":{"rendered":"Kanerva-kuoron 75-vuotisjuhlakonsertti 19.4.2020"},"content":{"rendered":"\n<p> Tervetuloa juhlimaan Kanerva-kuoron 75-vuotista taivalta! Tampereen yliopiston juhlasali t\u00e4yttyy yhdess\u00e4 laulamisen ilosta, kun esit\u00e4mme juhlakonsertissamme kappaleitaa koko t\u00e4h\u00e4nastisen historiamme varrelta. Kuoroa johtaa kuoronjohtajamme Anna Arola ja solistina on Mikko Alatalo.<\/p>\n\n\n\n<p>Hetki\u00e4 el\u00e4m\u00e4st\u00e4 -nimiseen konserttiin on koottu musiikillisia hetki\u00e4 kuoron el\u00e4m\u00e4st\u00e4. Kuoron taival on mutkitellut kuoron syntym\u00e4paikalta eli Tampereen Nekalassa sijaitsevalta saunalta konserttimatkoille muun muassa Neuvostoliittoon ja Unkariin mutta my\u00f6s Tampere-talon ja Tampereen Ty\u00f6v\u00e4en Teatterin lavalle.<\/p>\n\n\n\n<p>Juhlakonsertissa kuullaan niin slaavilaisia kappaleita kuoron alkuajoilta kuin ihan uutta musiikkiakin. Noin nelj\u00e4nkymmenen laulajan Kanerva-kuoron kanssa juhlakonsertin lavalle Tampereen yliopiston juhlasalissa nousee my\u00f6s kuudesta soittajasta koottu yhtye.<\/p>\n\n\n\n<p>Aika: sunnuntai 19.4.2020 klo 15.00<br>Paikka: Tampereen yliopiston juhlasali <br>Hinta: 20 \u20ac <br>Py\u00f6r\u00e4tuolilla saapuvan avustaja p\u00e4\u00e4see sis\u00e4\u00e4n samalla lipulla<\/p>\n\n\n\n<p>Liput ennakkoon Lippupisteest\u00e4, <a target=\"_blank\" href=\"https:\/\/l.facebook.com\/l.php?u=http%3A%2F%2Fwww.lippu.fi%2Fkanerva-kuoro%3Ffbclid%3DIwAR1CuxJocpdkwIkzK1pxW7AZHrLbDTlNSctSo4FNW8W2BEpJxUNWG6VRwMA&amp;h=AT0Yppufo21-WmTUjiQObZqYqjslL-BJ_X_mVphpk0IvYSSYhCFoCUvT8DRP9ABz1alpMyDfpjKfk3rwbPt3xFO4W7kpdNTHNJUrrnx2XzjQ62vHjXjjlnOGBSHbsq-JcQ\" rel=\"noreferrer noopener\">www.lippu.fi\/kanerva-kuoro<\/a><\/p>\n","protected":false},"excerpt":{"rendered":"<p>Tervetuloa juhlimaan Kanerva-kuoron 75-vuotista taivalta! Tampereen yliopiston juhlasali t\u00e4yttyy yhdess\u00e4 laulamisen ilosta, kun esit\u00e4mme juhlakonsertissamme kappaleitaa koko t\u00e4h\u00e4nastisen historiamme varrelta. Kuoroa johtaa kuoronjohtajamme Anna Arola ja solistina on Mikko Alatalo. Hetki\u00e4 el\u00e4m\u00e4st\u00e4 -nimiseen konserttiin on koottu musiikillisia hetki\u00e4 kuoron el\u00e4m\u00e4st\u00e4. Kuoron taival on mutkitellut kuoron syntym\u00e4paikalta eli Tampereen Nekalassa sijaitsevalta saunalta konserttimatkoille muun muassa Neuvostoliittoon [&hellip;]<\/p>\n","protected":false},"author":1,"featured_media":668,"comment_status":"open","ping_status":"open","sticky":false,"template":"","format":"standard","meta":{"_jetpack_newsletter_access":""},"categories":[1],"tags":[6,9],"jetpack_featured_media_url":"https:\/\/www.kanervakuoro.fi\/wp\/wp-content\/uploads\/nettisivubanneri-Hetki\u00e4_el\u00e4m\u00e4st\u00e4_juhlakonsertti.png","jetpack_shortlink":"https:\/\/wp.me\/p7cXoL-aL","jetpack_sharing_enabled":true,"_links":{"self":[{"href":"https:\/\/www.kanervakuoro.fi\/index.php?rest_route=\/wp\/v2\/posts\/667"}],"collection":[{"href":"https:\/\/www.kanervakuoro.fi\/index.php?rest_route=\/wp\/v2\/posts"}],"about":[{"href":"https:\/\/www.kanervakuoro.fi\/index.php?rest_route=\/wp\/v2\/types\/post"}],"author":[{"embeddable":true,"href":"https:\/\/www.kanervakuoro.fi\/index.php?rest_route=\/wp\/v2\/users\/1"}],"replies":[{"embeddable":true,"href":"https:\/\/www.kanervakuoro.fi\/index.php?rest_route=%2Fwp%2Fv2%2Fcomments&post=667"}],"version-history":[{"count":1,"href":"https:\/\/www.kanervakuoro.fi\/index.php?rest_route=\/wp\/v2\/posts\/667\/revisions"}],"predecessor-version":[{"id":669,"href":"https:\/\/www.kanervakuoro.fi\/index.php?rest_route=\/wp\/v2\/posts\/667\/revisions\/669"}],"wp:featuredmedia":[{"embeddable":true,"href":"https:\/\/www.kanervakuoro.fi\/index.php?rest_route=\/wp\/v2\/media\/668"}],"wp:attachment":[{"href":"https:\/\/www.kanervakuoro.fi\/index.php?rest_route=%2Fwp%2Fv2%2Fmedia&parent=667"}],"wp:term":[{"taxonomy":"category","embeddable":true,"href":"https:\/\/www.kanervakuoro.fi\/index.php?rest_route=%2Fwp%2Fv2%2Fcategories&post=667"},{"taxonomy":"post_tag","embeddable":true,"href":"https:\/\/www.kanervakuoro.fi\/index.php?rest_route=%2Fwp%2Fv2%2Ftags&post=667"}],"curies":[{"name":"wp","href":"https:\/\/api.w.org\/{rel}","templated":true}]}}