{"id":671,"date":"2020-03-12T20:55:43","date_gmt":"2020-03-12T18:55:43","guid":{"rendered":"http:\/\/www.kanervakuoro.fi\/?p=671"},"modified":"2020-03-12T20:55:43","modified_gmt":"2020-03-12T18:55:43","slug":"hetkia-elamasta-konsertti-siirtyy-syksylle","status":"publish","type":"post","link":"https:\/\/www.kanervakuoro.fi\/?p=671","title":{"rendered":"Hetki\u00e4 el\u00e4m\u00e4st\u00e4 -konsertti siirtyy syksylle"},"content":{"rendered":"\n<p>Kanerva-kuoron Hetki\u00e4 el\u00e4m\u00e4st\u00e4 -juhlakonsertti on peruttu kev\u00e4\u00e4n\nosalta viranomaisten ohjeen mukaisesti. <\/p>\n\n\n\n<p>Konsertti j\u00e4rjestet\u00e4\u00e4n syksyll\u00e4 my\u00f6hemmin ilmoitettavana\najankohtana. Ostetut liput k\u00e4yv\u00e4t sellaisenaan syksyn konserttiin, mutta voimme\ntarvittaessa my\u00f6s palauttaa lippumaksun. <\/p>\n\n\n\n<p>Kanerva-kuoro toivottaa kaikille tervett\u00e4 ja turvallista\nkev\u00e4tt\u00e4!<\/p>\n","protected":false},"excerpt":{"rendered":"<p>Kanerva-kuoron Hetki\u00e4 el\u00e4m\u00e4st\u00e4 -juhlakonsertti on peruttu kev\u00e4\u00e4n osalta viranomaisten ohjeen mukaisesti. Konsertti j\u00e4rjestet\u00e4\u00e4n syksyll\u00e4 my\u00f6hemmin ilmoitettavana ajankohtana. Ostetut liput k\u00e4yv\u00e4t sellaisenaan syksyn konserttiin, mutta voimme tarvittaessa my\u00f6s palauttaa lippumaksun. Kanerva-kuoro toivottaa kaikille tervett\u00e4 ja turvallista kev\u00e4tt\u00e4!<\/p>\n","protected":false},"author":1,"featured_media":0,"comment_status":"open","ping_status":"open","sticky":false,"template":"","format":"standard","meta":{"_jetpack_newsletter_access":""},"categories":[1],"tags":[],"jetpack_featured_media_url":"","jetpack_shortlink":"https:\/\/wp.me\/p7cXoL-aP","jetpack_sharing_enabled":true,"_links":{"self":[{"href":"https:\/\/www.kanervakuoro.fi\/index.php?rest_route=\/wp\/v2\/posts\/671"}],"collection":[{"href":"https:\/\/www.kanervakuoro.fi\/index.php?rest_route=\/wp\/v2\/posts"}],"about":[{"href":"https:\/\/www.kanervakuoro.fi\/index.php?rest_route=\/wp\/v2\/types\/post"}],"author":[{"embeddable":true,"href":"https:\/\/www.kanervakuoro.fi\/index.php?rest_route=\/wp\/v2\/users\/1"}],"replies":[{"embeddable":true,"href":"https:\/\/www.kanervakuoro.fi\/index.php?rest_route=%2Fwp%2Fv2%2Fcomments&post=671"}],"version-history":[{"count":1,"href":"https:\/\/www.kanervakuoro.fi\/index.php?rest_route=\/wp\/v2\/posts\/671\/revisions"}],"predecessor-version":[{"id":672,"href":"https:\/\/www.kanervakuoro.fi\/index.php?rest_route=\/wp\/v2\/posts\/671\/revisions\/672"}],"wp:attachment":[{"href":"https:\/\/www.kanervakuoro.fi\/index.php?rest_route=%2Fwp%2Fv2%2Fmedia&parent=671"}],"wp:term":[{"taxonomy":"category","embeddable":true,"href":"https:\/\/www.kanervakuoro.fi\/index.php?rest_route=%2Fwp%2Fv2%2Fcategories&post=671"},{"taxonomy":"post_tag","embeddable":true,"href":"https:\/\/www.kanervakuoro.fi\/index.php?rest_route=%2Fwp%2Fv2%2Ftags&post=671"}],"curies":[{"name":"wp","href":"https:\/\/api.w.org\/{rel}","templated":true}]}}