{"id":678,"date":"2021-05-05T10:11:06","date_gmt":"2021-05-05T07:11:06","guid":{"rendered":"http:\/\/www.kanervakuoro.fi\/?p=678"},"modified":"2021-05-05T10:11:06","modified_gmt":"2021-05-05T07:11:06","slug":"kanerva-sitkea-ja-vaikeasti-havitettava","status":"publish","type":"post","link":"https:\/\/www.kanervakuoro.fi\/?p=678","title":{"rendered":"Kanerva &#8211; sitke\u00e4 ja vaikeasti h\u00e4vitett\u00e4v\u00e4"},"content":{"rendered":"\n<figure class=\"wp-block-image size-large\"><img data-attachment-id=\"679\" data-permalink=\"https:\/\/www.kanervakuoro.fi\/?attachment_id=679\" data-orig-file=\"https:\/\/www.kanervakuoro.fi\/wp\/wp-content\/uploads\/Kanerva-kuivan-maan-kasvi-scaled.jpg\" data-orig-size=\"2560,1920\" data-comments-opened=\"1\" data-image-meta=\"{&quot;aperture&quot;:&quot;1.7&quot;,&quot;credit&quot;:&quot;&quot;,&quot;camera&quot;:&quot;SM-A505FN&quot;,&quot;caption&quot;:&quot;&quot;,&quot;created_timestamp&quot;:&quot;1619973370&quot;,&quot;copyright&quot;:&quot;&quot;,&quot;focal_length&quot;:&quot;3.93&quot;,&quot;iso&quot;:&quot;40&quot;,&quot;shutter_speed&quot;:&quot;0.0040322580645161&quot;,&quot;title&quot;:&quot;&quot;,&quot;orientation&quot;:&quot;1&quot;}\" data-image-title=\"Kanerva-kuivan-maan-kasvi\" data-image-description=\"\" data-image-caption=\"\" data-medium-file=\"https:\/\/www.kanervakuoro.fi\/wp\/wp-content\/uploads\/Kanerva-kuivan-maan-kasvi-300x225.jpg\" data-large-file=\"https:\/\/www.kanervakuoro.fi\/wp\/wp-content\/uploads\/Kanerva-kuivan-maan-kasvi-1024x768.jpg\" decoding=\"async\" loading=\"lazy\" width=\"1024\" height=\"768\" src=\"http:\/\/www.kanervakuoro.fi\/wp\/wp-content\/uploads\/Kanerva-kuivan-maan-kasvi-1024x768.jpg\" alt=\"\" class=\"wp-image-679\" srcset=\"https:\/\/www.kanervakuoro.fi\/wp\/wp-content\/uploads\/Kanerva-kuivan-maan-kasvi-1024x768.jpg 1024w, https:\/\/www.kanervakuoro.fi\/wp\/wp-content\/uploads\/Kanerva-kuivan-maan-kasvi-300x225.jpg 300w, https:\/\/www.kanervakuoro.fi\/wp\/wp-content\/uploads\/Kanerva-kuivan-maan-kasvi-768x576.jpg 768w, https:\/\/www.kanervakuoro.fi\/wp\/wp-content\/uploads\/Kanerva-kuivan-maan-kasvi-1536x1152.jpg 1536w, https:\/\/www.kanervakuoro.fi\/wp\/wp-content\/uploads\/Kanerva-kuivan-maan-kasvi-2048x1536.jpg 2048w, https:\/\/www.kanervakuoro.fi\/wp\/wp-content\/uploads\/Kanerva-kuivan-maan-kasvi-624x468.jpg 624w\" sizes=\"(max-width: 1024px) 100vw, 1024px\" \/><\/figure>\n\n\n\n<p>\n\n\u201dKanerva on kuivan maan kasvi \u2013 sitke\u00e4 ja vaikeasti h\u00e4vitett\u00e4v\u00e4.\u201d<\/p>\n\n\n\n<p>N\u00e4in lausuttiin vuonna 1951, kun Kanerva-kuoro sai nykyisen nimens\u00e4. <\/p>\n\n\n\n<p>Vuodet 2020 ja 2021 ovat laittaneet kuoron v\u00e4lill\u00e4 koville, mutta sitkein\u00e4 olemme jatkaneet toimintaa rajoitusten puitteissa. V\u00e4lill\u00e4 olemme laulaneet maskit tai visiirit kasvoilla, v\u00e4lill\u00e4 pienemmiss\u00e4 ryhmiss\u00e4. Toisinaan fyysisesti paikalla, toisinaan tietokoneen v\u00e4lityksell\u00e4. <\/p>\n\n\n\n<p>Esityksi\u00e4 on suunniteltu ja peruttu. <\/p>\n\n\n\n<p>Mutta meill\u00e4 ei ole aikomustakaan lopettaa n\u00e4iss\u00e4 merkeiss\u00e4, vaan nousemme uudestaan. J\u00e4senkyselyss\u00e4mme yli 90% kuorolaisista vastasi, ett\u00e4 he aikovat jatkaa kuorossa poikkeusolojen loputtua. Nyt kenties loppu jo h\u00e4\u00e4m\u00f6tt\u00e4\u00e4. <\/p>\n\n\n\n<p>Kiitos kaikille kuorolaisille ja kuoron yst\u00e4ville tuesta n\u00e4in\u00e4 aikoina! Jaksetaan viel\u00e4 hetki ja pidet\u00e4\u00e4n huolta!<\/p>\n","protected":false},"excerpt":{"rendered":"<p>\u201dKanerva on kuivan maan kasvi \u2013 sitke\u00e4 ja vaikeasti h\u00e4vitett\u00e4v\u00e4.\u201d N\u00e4in lausuttiin vuonna 1951, kun Kanerva-kuoro sai nykyisen nimens\u00e4. Vuodet 2020 ja 2021 ovat laittaneet kuoron v\u00e4lill\u00e4 koville, mutta sitkein\u00e4 olemme jatkaneet toimintaa rajoitusten puitteissa. V\u00e4lill\u00e4 olemme laulaneet maskit tai visiirit kasvoilla, v\u00e4lill\u00e4 pienemmiss\u00e4 ryhmiss\u00e4. Toisinaan fyysisesti paikalla, toisinaan tietokoneen v\u00e4lityksell\u00e4. Esityksi\u00e4 on suunniteltu ja [&hellip;]<\/p>\n","protected":false},"author":4,"featured_media":0,"comment_status":"open","ping_status":"open","sticky":false,"template":"","format":"standard","meta":{"_jetpack_newsletter_access":""},"categories":[1],"tags":[],"jetpack_featured_media_url":"","jetpack_shortlink":"https:\/\/wp.me\/p7cXoL-aW","jetpack_sharing_enabled":true,"_links":{"self":[{"href":"https:\/\/www.kanervakuoro.fi\/index.php?rest_route=\/wp\/v2\/posts\/678"}],"collection":[{"href":"https:\/\/www.kanervakuoro.fi\/index.php?rest_route=\/wp\/v2\/posts"}],"about":[{"href":"https:\/\/www.kanervakuoro.fi\/index.php?rest_route=\/wp\/v2\/types\/post"}],"author":[{"embeddable":true,"href":"https:\/\/www.kanervakuoro.fi\/index.php?rest_route=\/wp\/v2\/users\/4"}],"replies":[{"embeddable":true,"href":"https:\/\/www.kanervakuoro.fi\/index.php?rest_route=%2Fwp%2Fv2%2Fcomments&post=678"}],"version-history":[{"count":1,"href":"https:\/\/www.kanervakuoro.fi\/index.php?rest_route=\/wp\/v2\/posts\/678\/revisions"}],"predecessor-version":[{"id":680,"href":"https:\/\/www.kanervakuoro.fi\/index.php?rest_route=\/wp\/v2\/posts\/678\/revisions\/680"}],"wp:attachment":[{"href":"https:\/\/www.kanervakuoro.fi\/index.php?rest_route=%2Fwp%2Fv2%2Fmedia&parent=678"}],"wp:term":[{"taxonomy":"category","embeddable":true,"href":"https:\/\/www.kanervakuoro.fi\/index.php?rest_route=%2Fwp%2Fv2%2Fcategories&post=678"},{"taxonomy":"post_tag","embeddable":true,"href":"https:\/\/www.kanervakuoro.fi\/index.php?rest_route=%2Fwp%2Fv2%2Ftags&post=678"}],"curies":[{"name":"wp","href":"https:\/\/api.w.org\/{rel}","templated":true}]}}