{"id":690,"date":"2021-09-14T08:39:03","date_gmt":"2021-09-14T05:39:03","guid":{"rendered":"http:\/\/www.kanervakuoro.fi\/?p=690"},"modified":"2021-09-14T08:39:03","modified_gmt":"2021-09-14T05:39:03","slug":"syyskausi-alkoi-harjoittelemme-tammelakeskuksessa","status":"publish","type":"post","link":"https:\/\/www.kanervakuoro.fi\/?p=690","title":{"rendered":"Syyskausi alkoi &#8211; harjoittelemme Tammelakeskuksessa"},"content":{"rendered":"\n<p>Heip\u00e4 hei! Kanerva-kuoron syyskausi on nyt alkanut ja siirrymme idylliselt\u00e4 Tallipihalta v\u00e4h\u00e4n l\u00e4mpim\u00e4mpiin tiloihin. <\/p>\n\n\n\n<p>Syksyn harjoitukset j\u00e4rjestet\u00e4\u00e4n maanantaisin klo 17 &#8211; 19 Tammelakeskuksessa osoitteessa Itsen\u00e4isyydenkatu 21 B, k\u00e4ynti sis\u00e4pihalta. <\/p>\n","protected":false},"excerpt":{"rendered":"<p>Heip\u00e4 hei! Kanerva-kuoron syyskausi on nyt alkanut ja siirrymme idylliselt\u00e4 Tallipihalta v\u00e4h\u00e4n l\u00e4mpim\u00e4mpiin tiloihin. Syksyn harjoitukset j\u00e4rjestet\u00e4\u00e4n maanantaisin klo 17 &#8211; 19 Tammelakeskuksessa osoitteessa Itsen\u00e4isyydenkatu 21 B, k\u00e4ynti sis\u00e4pihalta.<\/p>\n","protected":false},"author":1,"featured_media":0,"comment_status":"open","ping_status":"open","sticky":false,"template":"","format":"standard","meta":{"_jetpack_newsletter_access":""},"categories":[1],"tags":[],"jetpack_featured_media_url":"","jetpack_shortlink":"https:\/\/wp.me\/p7cXoL-b8","jetpack_sharing_enabled":true,"_links":{"self":[{"href":"https:\/\/www.kanervakuoro.fi\/index.php?rest_route=\/wp\/v2\/posts\/690"}],"collection":[{"href":"https:\/\/www.kanervakuoro.fi\/index.php?rest_route=\/wp\/v2\/posts"}],"about":[{"href":"https:\/\/www.kanervakuoro.fi\/index.php?rest_route=\/wp\/v2\/types\/post"}],"author":[{"embeddable":true,"href":"https:\/\/www.kanervakuoro.fi\/index.php?rest_route=\/wp\/v2\/users\/1"}],"replies":[{"embeddable":true,"href":"https:\/\/www.kanervakuoro.fi\/index.php?rest_route=%2Fwp%2Fv2%2Fcomments&post=690"}],"version-history":[{"count":1,"href":"https:\/\/www.kanervakuoro.fi\/index.php?rest_route=\/wp\/v2\/posts\/690\/revisions"}],"predecessor-version":[{"id":691,"href":"https:\/\/www.kanervakuoro.fi\/index.php?rest_route=\/wp\/v2\/posts\/690\/revisions\/691"}],"wp:attachment":[{"href":"https:\/\/www.kanervakuoro.fi\/index.php?rest_route=%2Fwp%2Fv2%2Fmedia&parent=690"}],"wp:term":[{"taxonomy":"category","embeddable":true,"href":"https:\/\/www.kanervakuoro.fi\/index.php?rest_route=%2Fwp%2Fv2%2Fcategories&post=690"},{"taxonomy":"post_tag","embeddable":true,"href":"https:\/\/www.kanervakuoro.fi\/index.php?rest_route=%2Fwp%2Fv2%2Ftags&post=690"}],"curies":[{"name":"wp","href":"https:\/\/api.w.org\/{rel}","templated":true}]}}