{"id":700,"date":"2021-12-16T18:26:11","date_gmt":"2021-12-16T16:26:11","guid":{"rendered":"http:\/\/www.kanervakuoro.fi\/?p=700"},"modified":"2021-12-16T18:26:11","modified_gmt":"2021-12-16T16:26:11","slug":"hyvaa-joulua-toivottaa-kanerva-kuoro","status":"publish","type":"post","link":"https:\/\/www.kanervakuoro.fi\/?p=700","title":{"rendered":"Hyv\u00e4\u00e4 joulua toivottaa Kanerva-kuoro!"},"content":{"rendered":"\n<p>Kanerva-kuoro vietti pikkujoulua ja syyskauden p\u00e4\u00e4tt\u00e4j\u00e4isi\u00e4 13.12.2021. Rauhallista joulua ja onnellista uutta vuotta kaikille laulun yst\u00e4ville!<\/p>\n\n\n\n<figure class=\"wp-block-image size-large\"><img data-attachment-id=\"702\" data-permalink=\"https:\/\/www.kanervakuoro.fi\/?attachment_id=702\" data-orig-file=\"https:\/\/www.kanervakuoro.fi\/wp\/wp-content\/uploads\/20211213_172000-scaled.jpg\" data-orig-size=\"2560,1920\" data-comments-opened=\"1\" data-image-meta=\"{&quot;aperture&quot;:&quot;1.8&quot;,&quot;credit&quot;:&quot;&quot;,&quot;camera&quot;:&quot;SM-A415F&quot;,&quot;caption&quot;:&quot;&quot;,&quot;created_timestamp&quot;:&quot;1639416000&quot;,&quot;copyright&quot;:&quot;&quot;,&quot;focal_length&quot;:&quot;4.65&quot;,&quot;iso&quot;:&quot;200&quot;,&quot;shutter_speed&quot;:&quot;0.020408163265306&quot;,&quot;title&quot;:&quot;&quot;,&quot;orientation&quot;:&quot;1&quot;}\" data-image-title=\"20211213_172000\" data-image-description=\"\" data-image-caption=\"\" data-medium-file=\"https:\/\/www.kanervakuoro.fi\/wp\/wp-content\/uploads\/20211213_172000-300x225.jpg\" data-large-file=\"https:\/\/www.kanervakuoro.fi\/wp\/wp-content\/uploads\/20211213_172000-1024x768.jpg\" decoding=\"async\" loading=\"lazy\" width=\"1024\" height=\"768\" src=\"http:\/\/www.kanervakuoro.fi\/wp\/wp-content\/uploads\/20211213_172000-1024x768.jpg\" alt=\"\" class=\"wp-image-702\" srcset=\"https:\/\/www.kanervakuoro.fi\/wp\/wp-content\/uploads\/20211213_172000-1024x768.jpg 1024w, https:\/\/www.kanervakuoro.fi\/wp\/wp-content\/uploads\/20211213_172000-300x225.jpg 300w, https:\/\/www.kanervakuoro.fi\/wp\/wp-content\/uploads\/20211213_172000-768x576.jpg 768w, https:\/\/www.kanervakuoro.fi\/wp\/wp-content\/uploads\/20211213_172000-1536x1152.jpg 1536w, https:\/\/www.kanervakuoro.fi\/wp\/wp-content\/uploads\/20211213_172000-2048x1536.jpg 2048w, https:\/\/www.kanervakuoro.fi\/wp\/wp-content\/uploads\/20211213_172000-624x468.jpg 624w\" sizes=\"(max-width: 1024px) 100vw, 1024px\" \/><\/figure>\n\n\n\n<p><\/p>\n","protected":false},"excerpt":{"rendered":"<p>Kanerva-kuoro vietti pikkujoulua ja syyskauden p\u00e4\u00e4tt\u00e4j\u00e4isi\u00e4 13.12.2021. Rauhallista joulua ja onnellista uutta vuotta kaikille laulun yst\u00e4ville!<\/p>\n","protected":false},"author":1,"featured_media":0,"comment_status":"open","ping_status":"open","sticky":false,"template":"","format":"standard","meta":{"_jetpack_newsletter_access":""},"categories":[1],"tags":[],"jetpack_featured_media_url":"","jetpack_shortlink":"https:\/\/wp.me\/p7cXoL-bi","jetpack_sharing_enabled":true,"_links":{"self":[{"href":"https:\/\/www.kanervakuoro.fi\/index.php?rest_route=\/wp\/v2\/posts\/700"}],"collection":[{"href":"https:\/\/www.kanervakuoro.fi\/index.php?rest_route=\/wp\/v2\/posts"}],"about":[{"href":"https:\/\/www.kanervakuoro.fi\/index.php?rest_route=\/wp\/v2\/types\/post"}],"author":[{"embeddable":true,"href":"https:\/\/www.kanervakuoro.fi\/index.php?rest_route=\/wp\/v2\/users\/1"}],"replies":[{"embeddable":true,"href":"https:\/\/www.kanervakuoro.fi\/index.php?rest_route=%2Fwp%2Fv2%2Fcomments&post=700"}],"version-history":[{"count":1,"href":"https:\/\/www.kanervakuoro.fi\/index.php?rest_route=\/wp\/v2\/posts\/700\/revisions"}],"predecessor-version":[{"id":703,"href":"https:\/\/www.kanervakuoro.fi\/index.php?rest_route=\/wp\/v2\/posts\/700\/revisions\/703"}],"wp:attachment":[{"href":"https:\/\/www.kanervakuoro.fi\/index.php?rest_route=%2Fwp%2Fv2%2Fmedia&parent=700"}],"wp:term":[{"taxonomy":"category","embeddable":true,"href":"https:\/\/www.kanervakuoro.fi\/index.php?rest_route=%2Fwp%2Fv2%2Fcategories&post=700"},{"taxonomy":"post_tag","embeddable":true,"href":"https:\/\/www.kanervakuoro.fi\/index.php?rest_route=%2Fwp%2Fv2%2Ftags&post=700"}],"curies":[{"name":"wp","href":"https:\/\/api.w.org\/{rel}","templated":true}]}}