{"id":708,"date":"2022-01-26T18:24:18","date_gmt":"2022-01-26T16:24:18","guid":{"rendered":"http:\/\/www.kanervakuoro.fi\/?p=708"},"modified":"2022-02-26T10:47:41","modified_gmt":"2022-02-26T08:47:41","slug":"kevatkausi-avattu-etaharjoituksin","status":"publish","type":"post","link":"https:\/\/www.kanervakuoro.fi\/?p=708","title":{"rendered":"Kev\u00e4tkausi avattu et\u00e4harjoituksin"},"content":{"rendered":"\n<p>Kanerva-kuoro harjoittelee maanantaisin kello 17, toistaiseksi et\u00e4yhteyden v\u00e4lityksell\u00e4. Odotamme kovasti, ett\u00e4 p\u00e4\u00e4semme tuttuun Tammelakeskukseen laulamaan taas yhdess\u00e4 muiden kanssa.<\/p>\n\n\n\n<p>Kev\u00e4\u00e4ll\u00e4 kuorollamme on tulossa keikkoja hoivakodin asukkaiden ja kaikkien kaupunkilaisten iloksi. Pysyk\u00e4\u00e4 kuulolla!<\/p>\n\n\n\n<figure class=\"wp-block-image size-large\"><img data-attachment-id=\"709\" data-permalink=\"https:\/\/www.kanervakuoro.fi\/?attachment_id=709\" data-orig-file=\"https:\/\/www.kanervakuoro.fi\/wp\/wp-content\/uploads\/Na\u0308ytto\u0308kuva-2022-1-24-kello-18.33.14.png\" data-orig-size=\"2798,1400\" data-comments-opened=\"1\" data-image-meta=\"{&quot;aperture&quot;:&quot;0&quot;,&quot;credit&quot;:&quot;&quot;,&quot;camera&quot;:&quot;&quot;,&quot;caption&quot;:&quot;&quot;,&quot;created_timestamp&quot;:&quot;0&quot;,&quot;copyright&quot;:&quot;&quot;,&quot;focal_length&quot;:&quot;0&quot;,&quot;iso&quot;:&quot;0&quot;,&quot;shutter_speed&quot;:&quot;0&quot;,&quot;title&quot;:&quot;&quot;,&quot;orientation&quot;:&quot;0&quot;}\" data-image-title=\"Na\u0308ytto\u0308kuva-2022-1-24-kello-18.33.14\" data-image-description=\"\" data-image-caption=\"\" data-medium-file=\"https:\/\/www.kanervakuoro.fi\/wp\/wp-content\/uploads\/Na\u0308ytto\u0308kuva-2022-1-24-kello-18.33.14-300x150.png\" data-large-file=\"https:\/\/www.kanervakuoro.fi\/wp\/wp-content\/uploads\/Na\u0308ytto\u0308kuva-2022-1-24-kello-18.33.14-1024x512.png\" decoding=\"async\" loading=\"lazy\" width=\"1024\" height=\"512\" src=\"http:\/\/www.kanervakuoro.fi\/wp\/wp-content\/uploads\/Na\u0308ytto\u0308kuva-2022-1-24-kello-18.33.14-1024x512.png\" alt=\"\" class=\"wp-image-709\" srcset=\"https:\/\/www.kanervakuoro.fi\/wp\/wp-content\/uploads\/Na\u0308ytto\u0308kuva-2022-1-24-kello-18.33.14-1024x512.png 1024w, https:\/\/www.kanervakuoro.fi\/wp\/wp-content\/uploads\/Na\u0308ytto\u0308kuva-2022-1-24-kello-18.33.14-300x150.png 300w, https:\/\/www.kanervakuoro.fi\/wp\/wp-content\/uploads\/Na\u0308ytto\u0308kuva-2022-1-24-kello-18.33.14-768x384.png 768w, https:\/\/www.kanervakuoro.fi\/wp\/wp-content\/uploads\/Na\u0308ytto\u0308kuva-2022-1-24-kello-18.33.14-1536x769.png 1536w, https:\/\/www.kanervakuoro.fi\/wp\/wp-content\/uploads\/Na\u0308ytto\u0308kuva-2022-1-24-kello-18.33.14-2048x1025.png 2048w, https:\/\/www.kanervakuoro.fi\/wp\/wp-content\/uploads\/Na\u0308ytto\u0308kuva-2022-1-24-kello-18.33.14-624x312.png 624w\" sizes=\"(max-width: 1024px) 100vw, 1024px\" \/><figcaption>N\u00e4in iloisesti sujui kuorolaulu et\u00e4n\u00e4kin! Harjoittelussa Usko Kempin kappale.<\/figcaption><\/figure>\n","protected":false},"excerpt":{"rendered":"<p>Kanerva-kuoro harjoittelee maanantaisin kello 17, toistaiseksi et\u00e4yhteyden v\u00e4lityksell\u00e4. Odotamme kovasti, ett\u00e4 p\u00e4\u00e4semme tuttuun Tammelakeskukseen laulamaan taas yhdess\u00e4 muiden kanssa. Kev\u00e4\u00e4ll\u00e4 kuorollamme on tulossa keikkoja hoivakodin asukkaiden ja kaikkien kaupunkilaisten iloksi. Pysyk\u00e4\u00e4 kuulolla!<\/p>\n","protected":false},"author":7,"featured_media":0,"comment_status":"open","ping_status":"open","sticky":false,"template":"","format":"standard","meta":{"_jetpack_newsletter_access":""},"categories":[1],"tags":[13,10,12,11],"jetpack_featured_media_url":"","jetpack_shortlink":"https:\/\/wp.me\/p7cXoL-bq","jetpack_sharing_enabled":true,"_links":{"self":[{"href":"https:\/\/www.kanervakuoro.fi\/index.php?rest_route=\/wp\/v2\/posts\/708"}],"collection":[{"href":"https:\/\/www.kanervakuoro.fi\/index.php?rest_route=\/wp\/v2\/posts"}],"about":[{"href":"https:\/\/www.kanervakuoro.fi\/index.php?rest_route=\/wp\/v2\/types\/post"}],"author":[{"embeddable":true,"href":"https:\/\/www.kanervakuoro.fi\/index.php?rest_route=\/wp\/v2\/users\/7"}],"replies":[{"embeddable":true,"href":"https:\/\/www.kanervakuoro.fi\/index.php?rest_route=%2Fwp%2Fv2%2Fcomments&post=708"}],"version-history":[{"count":4,"href":"https:\/\/www.kanervakuoro.fi\/index.php?rest_route=\/wp\/v2\/posts\/708\/revisions"}],"predecessor-version":[{"id":722,"href":"https:\/\/www.kanervakuoro.fi\/index.php?rest_route=\/wp\/v2\/posts\/708\/revisions\/722"}],"wp:attachment":[{"href":"https:\/\/www.kanervakuoro.fi\/index.php?rest_route=%2Fwp%2Fv2%2Fmedia&parent=708"}],"wp:term":[{"taxonomy":"category","embeddable":true,"href":"https:\/\/www.kanervakuoro.fi\/index.php?rest_route=%2Fwp%2Fv2%2Fcategories&post=708"},{"taxonomy":"post_tag","embeddable":true,"href":"https:\/\/www.kanervakuoro.fi\/index.php?rest_route=%2Fwp%2Fv2%2Ftags&post=708"}],"curies":[{"name":"wp","href":"https:\/\/api.w.org\/{rel}","templated":true}]}}