{"id":719,"date":"2022-02-26T10:46:49","date_gmt":"2022-02-26T08:46:49","guid":{"rendered":"https:\/\/www.kanervakuoro.fi\/?p=719"},"modified":"2022-02-26T10:46:49","modified_gmt":"2022-02-26T08:46:49","slug":"kuoroharjoitukset-jalleen-kasvotusten","status":"publish","type":"post","link":"https:\/\/www.kanervakuoro.fi\/?p=719","title":{"rendered":"Kuoroharjoitukset j\u00e4lleen kasvotusten"},"content":{"rendered":"\n<p>Kanervat ovat palanneet Tammelakeskukseen liveharjoituksiin. Harjoittelemme maanantaisin  kello 17\u201319 koronaturvallisuuden huomioiden. Uusia laulajia etsimme erityisesti bassoon ja tenoriin. Tervetuloa tutustumaan!<\/p>\n\n\n\n<figure class=\"wp-block-image size-large\"><img data-attachment-id=\"720\" data-permalink=\"https:\/\/www.kanervakuoro.fi\/?attachment_id=720\" data-orig-file=\"https:\/\/www.kanervakuoro.fi\/wp\/wp-content\/uploads\/20220221_171125098-scaled.jpg\" data-orig-size=\"2560,1399\" data-comments-opened=\"1\" data-image-meta=\"{&quot;aperture&quot;:&quot;0&quot;,&quot;credit&quot;:&quot;&quot;,&quot;camera&quot;:&quot;SM-A037G&quot;,&quot;caption&quot;:&quot;&quot;,&quot;created_timestamp&quot;:&quot;1645463485&quot;,&quot;copyright&quot;:&quot;&quot;,&quot;focal_length&quot;:&quot;3.38&quot;,&quot;iso&quot;:&quot;314&quot;,&quot;shutter_speed&quot;:&quot;0.03&quot;,&quot;title&quot;:&quot;&quot;,&quot;orientation&quot;:&quot;1&quot;}\" data-image-title=\"20220221_171125098\" data-image-description=\"\" data-image-caption=\"\" data-medium-file=\"https:\/\/www.kanervakuoro.fi\/wp\/wp-content\/uploads\/20220221_171125098-300x164.jpg\" data-large-file=\"https:\/\/www.kanervakuoro.fi\/wp\/wp-content\/uploads\/20220221_171125098-1024x560.jpg\" decoding=\"async\" loading=\"lazy\" width=\"1024\" height=\"560\" src=\"https:\/\/www.kanervakuoro.fi\/wp\/wp-content\/uploads\/20220221_171125098-1024x560.jpg\" alt=\"\" class=\"wp-image-720\" srcset=\"https:\/\/www.kanervakuoro.fi\/wp\/wp-content\/uploads\/20220221_171125098-1024x560.jpg 1024w, https:\/\/www.kanervakuoro.fi\/wp\/wp-content\/uploads\/20220221_171125098-300x164.jpg 300w, https:\/\/www.kanervakuoro.fi\/wp\/wp-content\/uploads\/20220221_171125098-768x420.jpg 768w, https:\/\/www.kanervakuoro.fi\/wp\/wp-content\/uploads\/20220221_171125098-1536x840.jpg 1536w, https:\/\/www.kanervakuoro.fi\/wp\/wp-content\/uploads\/20220221_171125098-2048x1120.jpg 2048w, https:\/\/www.kanervakuoro.fi\/wp\/wp-content\/uploads\/20220221_171125098-624x341.jpg 624w\" sizes=\"(max-width: 1024px) 100vw, 1024px\" \/><figcaption>\u00c4\u00e4nenavausta Tammelakeskuksen salissa (Itsen\u00e4isyydenkatu 21 B)<\/figcaption><\/figure>\n","protected":false},"excerpt":{"rendered":"<p>Kanervat ovat palanneet Tammelakeskukseen liveharjoituksiin. Harjoittelemme maanantaisin kello 17\u201319 koronaturvallisuuden huomioiden. Uusia laulajia etsimme erityisesti bassoon ja tenoriin. Tervetuloa tutustumaan!<\/p>\n","protected":false},"author":7,"featured_media":0,"comment_status":"open","ping_status":"open","sticky":false,"template":"","format":"standard","meta":{"_jetpack_newsletter_access":""},"categories":[1],"tags":[10,11],"jetpack_featured_media_url":"","jetpack_shortlink":"https:\/\/wp.me\/p7cXoL-bB","jetpack_sharing_enabled":true,"_links":{"self":[{"href":"https:\/\/www.kanervakuoro.fi\/index.php?rest_route=\/wp\/v2\/posts\/719"}],"collection":[{"href":"https:\/\/www.kanervakuoro.fi\/index.php?rest_route=\/wp\/v2\/posts"}],"about":[{"href":"https:\/\/www.kanervakuoro.fi\/index.php?rest_route=\/wp\/v2\/types\/post"}],"author":[{"embeddable":true,"href":"https:\/\/www.kanervakuoro.fi\/index.php?rest_route=\/wp\/v2\/users\/7"}],"replies":[{"embeddable":true,"href":"https:\/\/www.kanervakuoro.fi\/index.php?rest_route=%2Fwp%2Fv2%2Fcomments&post=719"}],"version-history":[{"count":1,"href":"https:\/\/www.kanervakuoro.fi\/index.php?rest_route=\/wp\/v2\/posts\/719\/revisions"}],"predecessor-version":[{"id":721,"href":"https:\/\/www.kanervakuoro.fi\/index.php?rest_route=\/wp\/v2\/posts\/719\/revisions\/721"}],"wp:attachment":[{"href":"https:\/\/www.kanervakuoro.fi\/index.php?rest_route=%2Fwp%2Fv2%2Fmedia&parent=719"}],"wp:term":[{"taxonomy":"category","embeddable":true,"href":"https:\/\/www.kanervakuoro.fi\/index.php?rest_route=%2Fwp%2Fv2%2Fcategories&post=719"},{"taxonomy":"post_tag","embeddable":true,"href":"https:\/\/www.kanervakuoro.fi\/index.php?rest_route=%2Fwp%2Fv2%2Ftags&post=719"}],"curies":[{"name":"wp","href":"https:\/\/api.w.org\/{rel}","templated":true}]}}