{"id":741,"date":"2022-08-15T14:03:19","date_gmt":"2022-08-15T11:03:19","guid":{"rendered":"https:\/\/www.kanervakuoro.fi\/?p=741"},"modified":"2022-08-15T14:03:19","modified_gmt":"2022-08-15T11:03:19","slug":"avoimet-ovet-kanerva-kuoron-harjoituksissa-29-8-2022","status":"publish","type":"post","link":"https:\/\/www.kanervakuoro.fi\/?p=741","title":{"rendered":"Avoimet ovet Kanerva-kuoron harjoituksissa 29.8.2022"},"content":{"rendered":"\n<p>Avaamme kuoron syysharjoituskauden avoimin harjoituksin. Tervetuloa tutustumaan kuorolauluun ja kanerviin maanantaina 29.8. klo 17. Avoimissa harjoituksissa kaikki laulamisesta kiinnostuneet p\u00e4\u00e4sev\u00e4t testaamaan, milt\u00e4 \u00e4\u00e4nen avaaminen ja yhdess\u00e4 musisoiminen tuntuvat.<\/p>\n\n\n\n<p>Osoite: Tammelakeskus, Itsen\u00e4isyydenkatu 21 B (k\u00e4ynti sis\u00e4pihan puolelta)<\/p>\n\n\n\n<figure class=\"wp-block-image size-large\"><img data-attachment-id=\"742\" data-permalink=\"https:\/\/www.kanervakuoro.fi\/?attachment_id=742\" data-orig-file=\"https:\/\/www.kanervakuoro.fi\/wp\/wp-content\/uploads\/Kuoro-ja-Mikko-Alatalo-15062022.jpg\" data-orig-size=\"1014,672\" data-comments-opened=\"1\" data-image-meta=\"{&quot;aperture&quot;:&quot;0&quot;,&quot;credit&quot;:&quot;&quot;,&quot;camera&quot;:&quot;&quot;,&quot;caption&quot;:&quot;&quot;,&quot;created_timestamp&quot;:&quot;0&quot;,&quot;copyright&quot;:&quot;&quot;,&quot;focal_length&quot;:&quot;0&quot;,&quot;iso&quot;:&quot;0&quot;,&quot;shutter_speed&quot;:&quot;0&quot;,&quot;title&quot;:&quot;&quot;,&quot;orientation&quot;:&quot;1&quot;}\" data-image-title=\"Kuoro-ja-Mikko-Alatalo-15062022\" data-image-description=\"\" data-image-caption=\"\" data-medium-file=\"https:\/\/www.kanervakuoro.fi\/wp\/wp-content\/uploads\/Kuoro-ja-Mikko-Alatalo-15062022-300x199.jpg\" data-large-file=\"https:\/\/www.kanervakuoro.fi\/wp\/wp-content\/uploads\/Kuoro-ja-Mikko-Alatalo-15062022.jpg\" decoding=\"async\" loading=\"lazy\" width=\"1014\" height=\"672\" src=\"https:\/\/www.kanervakuoro.fi\/wp\/wp-content\/uploads\/Kuoro-ja-Mikko-Alatalo-15062022.jpg\" alt=\"\" class=\"wp-image-742\" srcset=\"https:\/\/www.kanervakuoro.fi\/wp\/wp-content\/uploads\/Kuoro-ja-Mikko-Alatalo-15062022.jpg 1014w, https:\/\/www.kanervakuoro.fi\/wp\/wp-content\/uploads\/Kuoro-ja-Mikko-Alatalo-15062022-300x199.jpg 300w, https:\/\/www.kanervakuoro.fi\/wp\/wp-content\/uploads\/Kuoro-ja-Mikko-Alatalo-15062022-768x509.jpg 768w, https:\/\/www.kanervakuoro.fi\/wp\/wp-content\/uploads\/Kuoro-ja-Mikko-Alatalo-15062022-624x414.jpg 624w\" sizes=\"(max-width: 1014px) 100vw, 1014px\" \/><figcaption>Kes\u00e4kuussa esiinnyimme yhdess\u00e4 Mikko Alatalon kanssa Laikunlavalla.<\/figcaption><\/figure>\n\n\n\n<p> Lue lis\u00e4\u00e4 Kanerva-kuorossa laulamisesta sivulta\u00a0<a href=\"http:\/\/www.kanervakuoro.fi\/?page_id=47\">Tule mukaan<\/a>! <\/p>\n","protected":false},"excerpt":{"rendered":"<p>Avaamme kuoron syysharjoituskauden avoimin harjoituksin. Tervetuloa tutustumaan kuorolauluun ja kanerviin maanantaina 29.8. klo 17. Avoimissa harjoituksissa kaikki laulamisesta kiinnostuneet p\u00e4\u00e4sev\u00e4t testaamaan, milt\u00e4 \u00e4\u00e4nen avaaminen ja yhdess\u00e4 musisoiminen tuntuvat. Osoite: Tammelakeskus, Itsen\u00e4isyydenkatu 21 B (k\u00e4ynti sis\u00e4pihan puolelta) Lue lis\u00e4\u00e4 Kanerva-kuorossa laulamisesta sivulta\u00a0Tule mukaan!<\/p>\n","protected":false},"author":7,"featured_media":0,"comment_status":"open","ping_status":"open","sticky":false,"template":"","format":"standard","meta":{"_jetpack_newsletter_access":""},"categories":[1],"tags":[12],"jetpack_featured_media_url":"","jetpack_shortlink":"https:\/\/wp.me\/p7cXoL-bX","jetpack_sharing_enabled":true,"_links":{"self":[{"href":"https:\/\/www.kanervakuoro.fi\/index.php?rest_route=\/wp\/v2\/posts\/741"}],"collection":[{"href":"https:\/\/www.kanervakuoro.fi\/index.php?rest_route=\/wp\/v2\/posts"}],"about":[{"href":"https:\/\/www.kanervakuoro.fi\/index.php?rest_route=\/wp\/v2\/types\/post"}],"author":[{"embeddable":true,"href":"https:\/\/www.kanervakuoro.fi\/index.php?rest_route=\/wp\/v2\/users\/7"}],"replies":[{"embeddable":true,"href":"https:\/\/www.kanervakuoro.fi\/index.php?rest_route=%2Fwp%2Fv2%2Fcomments&post=741"}],"version-history":[{"count":1,"href":"https:\/\/www.kanervakuoro.fi\/index.php?rest_route=\/wp\/v2\/posts\/741\/revisions"}],"predecessor-version":[{"id":743,"href":"https:\/\/www.kanervakuoro.fi\/index.php?rest_route=\/wp\/v2\/posts\/741\/revisions\/743"}],"wp:attachment":[{"href":"https:\/\/www.kanervakuoro.fi\/index.php?rest_route=%2Fwp%2Fv2%2Fmedia&parent=741"}],"wp:term":[{"taxonomy":"category","embeddable":true,"href":"https:\/\/www.kanervakuoro.fi\/index.php?rest_route=%2Fwp%2Fv2%2Fcategories&post=741"},{"taxonomy":"post_tag","embeddable":true,"href":"https:\/\/www.kanervakuoro.fi\/index.php?rest_route=%2Fwp%2Fv2%2Ftags&post=741"}],"curies":[{"name":"wp","href":"https:\/\/api.w.org\/{rel}","templated":true}]}}